{"id":231955,"date":"2011-03-19T23:42:51","date_gmt":"2011-03-19T23:42:51","guid":{"rendered":"https:\/\/archivio.cercoiltuovolto.it\/?p=231955"},"modified":"2011-03-19T23:42:51","modified_gmt":"2011-03-19T23:42:51","slug":"commento-al-vangelo-domenica-20-marzo-2011-bellanotizia","status":"publish","type":"post","link":"https:\/\/archivio.cercoiltuovolto.it\/?p=231955","title":{"rendered":"Commento al Vangelo &#8211; Domenica 20 marzo 2011 &#8211; Bellanotizia"},"content":{"rendered":"<p style=\"text-align: center;\">\n<p style=\"text-align: justify;\">Questa \u00e8 una rielaborazione <strong>audio\/video<\/strong> sulle letture della Messa di:<strong><em> DOMENICA 20 marzo 2011 &#8211; II DOMENICA DI QUARESIMA <\/em><\/strong>(Anno A) a cura di <a href=\"http:\/\/www.bellanotizia.it\" target=\"_blank\">Antonio Di Lieto<\/a>.<\/p>\n<p style=\"text-align: justify;\">Il titolo della Messa, che unifica tutte le letture, secondo l&#8217;autore \u00e8: <strong>Io ti faccio splendere !<\/strong><\/p>\n<p class=\"link\" style=\"text-align: justify;\"><a href=\"http:\/\/www.youtube.com\/watch?v=gegO_4cuS6A\">Link al video<\/a><strong><br \/> <\/strong><\/p>\n<div class=\"powerpressbox\">[powerpress]<\/div>\n<h2>Commento alle Letture<\/h2>\n<blockquote>\n<p><span style=\"text-decoration: underline;\">PRIMA LETTURA (dal libro della Genesi 12,1-4)<\/span><br \/> Questa lettura \u00e8 Parola di Dio. Quindi \u00e8 Dio che ci parla e ci dice:  \u201cIo sono il tuo Signore. E dico anche a te, questo che un giorno dissi  ad Abramo: \u00abLasciati alle spalle la famiglia di tuo padre e il tuo  passato: e parti per seguire la strada che Io ti indicher\u00f2! Io cos\u00ec  benedir\u00f2 te: e tutti i tuoi discendenti. Ti render\u00f2 grande, TI FAR\u00d2  SPLENDERE: ti far\u00f2 essere una benedizione per molti. Benedir\u00f2 quelli che  ti benediranno: e maledir\u00f2 quelli che ti malediranno. S\u00ec, perch\u00e9 per  mezzo tuo, sar\u00e0 benedetta tutta la terra!\u00bb. Ed Abramo part\u00ec subito: come  Io gli avevo ordinato. Anche tu fa come lui: svolgi la missione che Io  ti ho affidato. E TI FARO&#8217; SPLENDERE !\u201d.<\/p>\n<p><span style=\"text-decoration: underline;\">SALMO RESPONSORIALE (Salmo 32,4-5.18-20.22)<\/span><br \/> Questo salmo \u00e8 Parola di Dio. Quindi \u00e8 Dio che ci parla e  ci dice: \u201cSu di te SPLENDE il Mio amore: e su tutti quelli che sperano  in Me. Le Mie parole sono giuste: e le Mie opere piene di fedelt\u00e0. Io  amo il diritto e la giustizia: ed il Mio amore RISPLENDE su tutta la  terra. Ecco, il Mio sguardo benevolo veglia su di te e su tutti quelli  che si affidano al Mio amore: per liberarli dalla morte e nutrirli  quando avranno fame. Per questo confida in Me, che sono il tuo Signore:  il tuo aiuto ed il tuo scudo. Spera in Me che sono il tuo Dio: ed il Mio  amore SPLENDER\u00c0 su di te, per sempre !\u201d.<\/p>\n<p><span style=\"text-decoration: underline;\">SECONDA LETTURA (dalla seconda lettera di Paolo a Tim\u00f2teo 1,8-10)<\/span><br \/> Questa lettera \u00e8 Parola di Dio. Quindi \u00e8 Dio che rivolge  anche a te, queste stesse parole che &#8211; per bocca di Paolo &#8211; un tempo  rivolse a Tim\u00f2teo: \u201cNo figlio mio, non perderti d\u2019animo. Come fece  Paolo, soffri anche tu per il vangelo: con la forza che Io ti dar\u00f2. Stai  tranquillo perch\u00e8 Io ti salvo, ti proteggo, TI FACCIO SPLENDERE di  santit\u00e0: non grazie alle tue opere buone ed ai tuoi sforzi, ma per  dimostrati la Mia bont\u00e0. Io infatti sono sempre stato generoso verso gli  uomini, ma ora con Ges\u00f9 la Mia grazia si \u00e8 manifestata chiaramente. Mio  Figlio ha vinto la morte: per darti la vita. Quindi anche su di te che  credi nel Suo vangelo, SPLENDE la Sua immortalit\u00e0 !\u201d.<br \/> <span style=\"text-decoration: underline;\">VANGELO (Matteo 17,1-9)<\/span><\/p>\n<p>Questo vangelo \u00e8 Parola  di Dio. Quindi \u00e8 Ges\u00f9 che ci parla e ci dice: \u201cUn giorno decisi di dare  ai Miei discepoli una iniezione di fiducia: un piccolo anticipo del Mio  SPLENDORE. Allora presi Pietro, Giacomo e suo fratello Giovanni: e li  portai in disparte, su di un monte alto. E l\u00ec davanti a loro, fui  trasfigurato: i Miei vestiti divennero bianchi come la luce. Ed il Mio  volto raggiante come il sole: felice e SPLENDIDO.<\/p>\n<p>Ed ecco che ad un  tratto arrivarono Mos\u00e8 ed Elia, i due pi\u00f9 grandi profeti del passato: e  si misero a conversare con Me. Allora Pietro disse: \u201cMaestro, come \u00e8  bello stare qui: abbagliati da tanto SPLENDORE! Se vuoi facciamo qui tre  tende per la notte: una per te, una per Mos\u00e8 ed una per El\u00eca. Ci  piacerebbe restare qui con voi per sempre!&#8221;.<\/p>\n<p>Ma non aveva ancora  finito di parlare, quando furono avvolti da una nube di SPLENDORE. E  dalla nube si sent\u00ec una voce che diceva: \u201cQuesto \u00e8 davvero mio Figlio,  nel quale mi sono rivelato: ascoltatelo!&#8221;. All\u2019udire ci\u00f2, i miei  discepoli caddero con la faccia a terra: terrorizzati. Ma Io mi  avvicinai loro e dissi: \u201cNon abbiate paura: su alzatevi!\u201d. E per  sollevarli diedi loro la mano. Quelli si alzarono e subito si guardarono  intorno: ma non videro nessun altro, se non me.<br \/> Mentre scendevamo dalla montagna poi, dissi loro: \u00abMi  raccomando, evitiamo di ingenerare fanatismi: non dite a nessuno quello  che avete visto, almeno fino a quando non avr\u00f2 vinto la morte\u00bb. E cos\u00ec  scesero a valle rincuorati, perch\u00e8 avevano capito che Io sono un Dio  luminoso. Se tu mi segui infatti, Io TI FACCIO SPLENDERE !\u201d<\/p>\n<\/blockquote>\n<blockquote>\n<p><span class=\"morebis\"> <\/span><strong>Sul sito<\/strong> <a href=\"http:\/\/www.bellanotizia.it\/\" target=\"_blank\">http:\/\/www.bellanotizia.it<\/a> puoi scaricare tante altre &#8220;bellenotizie&#8221;, anche in forma di registrazione-audio e presentazione-video, oltre a diversi miei articoli, scritti, corrispondenze-mail ed ipotesi innovative.<\/p>\n<p style=\"text-align: justify;\"><strong>Note<\/strong>: L&#8217;autore precisa che, anche se la lettura di queste bellenotizie aiuta a comprendere la prima parte della Messa (Liturgia della Parola), non potr\u00e0 mai sostituire la seconda parte (Liturgia eucaristica), in cui ci viene data la possibilit\u00e0 di &#8220;abbracciare&#8221; veramente il Corpo di Cristo.<\/p>\n<\/blockquote>\n","protected":false},"excerpt":{"rendered":"<p>Questa \u00e8 una rielaborazione audio\/video sulle letture della Messa di: DOMENICA 20 marzo 2011 &#8211; II DOMENICA DI QUARESIMA (Anno A) a cura di Antonio Di Lieto. Il titolo della Messa, che unifica tutte le letture, secondo l&#8217;autore \u00e8: Io ti faccio splendere ! Link al video [powerpress] Commento alle Letture PRIMA LETTURA (dal libro&#8230;<\/p>\n","protected":false},"author":3,"featured_media":0,"comment_status":"closed","ping_status":"closed","sticky":false,"template":"","format":"standard","meta":{"_kad_post_transparent":"","_kad_post_title":"","_kad_post_layout":"","_kad_post_sidebar_id":"","_kad_post_content_style":"","_kad_post_vertical_padding":"","_kad_post_feature":"","_kad_post_feature_position":"","_kad_post_header":false,"_kad_post_footer":false,"_kad_post_classname":"","footnotes":""},"categories":[101,232],"tags":[5,174,172],"class_list":["post-231955","post","type-post","status-publish","format-standard","hentry","category-101","category-bella-notizia","tag-commento-al-vangelo","tag-quaresima","tag-vangelo-della-domenica"],"_links":{"self":[{"href":"https:\/\/archivio.cercoiltuovolto.it\/index.php?rest_route=\/wp\/v2\/posts\/231955","targetHints":{"allow":["GET"]}}],"collection":[{"href":"https:\/\/archivio.cercoiltuovolto.it\/index.php?rest_route=\/wp\/v2\/posts"}],"about":[{"href":"https:\/\/archivio.cercoiltuovolto.it\/index.php?rest_route=\/wp\/v2\/types\/post"}],"author":[{"embeddable":true,"href":"https:\/\/archivio.cercoiltuovolto.it\/index.php?rest_route=\/wp\/v2\/users\/3"}],"replies":[{"embeddable":true,"href":"https:\/\/archivio.cercoiltuovolto.it\/index.php?rest_route=%2Fwp%2Fv2%2Fcomments&post=231955"}],"version-history":[{"count":0,"href":"https:\/\/archivio.cercoiltuovolto.it\/index.php?rest_route=\/wp\/v2\/posts\/231955\/revisions"}],"wp:attachment":[{"href":"https:\/\/archivio.cercoiltuovolto.it\/index.php?rest_route=%2Fwp%2Fv2%2Fmedia&parent=231955"}],"wp:term":[{"taxonomy":"category","embeddable":true,"href":"https:\/\/archivio.cercoiltuovolto.it\/index.php?rest_route=%2Fwp%2Fv2%2Fcategories&post=231955"},{"taxonomy":"post_tag","embeddable":true,"href":"https:\/\/archivio.cercoiltuovolto.it\/index.php?rest_route=%2Fwp%2Fv2%2Ftags&post=231955"}],"curies":[{"name":"wp","href":"https:\/\/api.w.org\/{rel}","templated":true}]}}