{"id":231942,"date":"2011-03-18T06:00:36","date_gmt":"2011-03-18T06:00:36","guid":{"rendered":"https:\/\/archivio.cercoiltuovolto.it\/?p=231942"},"modified":"2011-03-18T06:00:36","modified_gmt":"2011-03-18T06:00:36","slug":"uomini-e-profeti-leggere-la-bibbia-libro-di-samuele-cap-1-3","status":"publish","type":"post","link":"https:\/\/archivio.cercoiltuovolto.it\/?p=231942","title":{"rendered":"Uomini e Profeti: Leggere la Bibbia \u2013 Libro di Samuele cap. 1-3"},"content":{"rendered":"<p style=\"text-align: center;\"><a href=\"http:\/\/www.cercoiltuovolto.it\/wp-content\/uploads\/2011\/03\/Libro-di-Samuele-cap.-1-3.jpg\"><img loading=\"lazy\" decoding=\"async\" class=\"aligncenter size-large wp-image-17521\" title=\"Libro di Samuele cap. 1-3\" src=\"http:\/\/www.cercoiltuovolto.it\/wp-content\/uploads\/2011\/03\/Libro-di-Samuele-cap.-1-3-587x450.jpg\" alt=\"\" width=\"587\" height=\"450\" \/><\/a><\/p>\n<p><strong>La chiamata di Samuele &#8211; con Paolo Ricca <\/strong><\/p>\n<p><em>Paolo Ricca Domenica 6 marzo 2011<\/em><\/p>\n<p>\u201cCon Samuele, comincia la profezia in Israele\u201d scrive Paolo De Benedetti. E in effetti con Samuele comincia una nuova fase nella storia di Israele. Dopo la conquista della terra (Giosu\u00e8), dopo i primi stanziamenti connotati da conflittualit\u00e0 con i popoli vicini, ma anche da divisioni tra le trib\u00f9 stesse (Giudici), ecco che ora  Israele prende forma e si avvia a diventare un regno, e a esprimere dei grandi re, che saranno Saul e Davide. Ma prima di arrivare a questo \u00e8 con una storia di sterilit\u00e0 vinta che il Primo Libro di Samuele ci racconta la nuova possibilit\u00e0 storica che si apre per l\u2019antico Israele. Il bambino che smentisce questa sterilit\u00e0 sar\u00e0 Samuele, la cui storia \u00e8 tra le pi\u00f9 letterariamente belle di tutta la Bibbia. A parlarcene, Paolo Ricca, con una interpretazione particolarmente pregnante.<\/p>\n<div class=\"powerpressbox\" style=\"text-align: justify;\">[powerpress]<\/div>\n<p class=\"link\" style=\"text-align: justify;\">Fonte: <a href=\"http:\/\/www.radio3.rai.it\/dl\/radio3\/programmi\/puntata\/ContentItem-b7abf0ca-8d62-4a6e-9fa6-93a399f8ebc1.html\">Radio Rai 3 &#8211; file real media<\/a><\/p>\n<p class=\"ascolta\" style=\"text-align: justify;\"><a href=\"http:\/\/cid-7e678cf4a2bd73de.office.live.com\/browse.aspx\/.Public\/Radio%20Rai\/Lettura%20della%20Bibbia%202010%20-%20Uomini%20e%20Profeti%20-%20Radio%20Rai%203\" target=\"_blank\">Mirror per il file mp3<\/a> (in caso di mancato funzionamento del podcast RAI)<\/p>\n","protected":false},"excerpt":{"rendered":"<p>La chiamata di Samuele &#8211; con Paolo Ricca Paolo Ricca Domenica 6 marzo 2011 \u201cCon Samuele, comincia la profezia in Israele\u201d scrive Paolo De Benedetti. E in effetti con Samuele comincia una nuova fase nella storia di Israele. Dopo la conquista della terra (Giosu\u00e8), dopo i primi stanziamenti connotati da conflittualit\u00e0 con i popoli vicini,&#8230;<\/p>\n","protected":false},"author":3,"featured_media":0,"comment_status":"closed","ping_status":"closed","sticky":false,"template":"","format":"standard","meta":{"_kad_post_transparent":"","_kad_post_title":"","_kad_post_layout":"","_kad_post_sidebar_id":"","_kad_post_content_style":"","_kad_post_vertical_padding":"","_kad_post_feature":"","_kad_post_feature_position":"","_kad_post_header":false,"_kad_post_footer":false,"_kad_post_classname":"","footnotes":""},"categories":[101,4],"tags":[23,481,31],"class_list":["post-231942","post","type-post","status-publish","format-standard","hentry","category-101","category-audio-cattolici","tag-bibbia","tag-libro-di-samuele","tag-radio-nel-web"],"_links":{"self":[{"href":"https:\/\/archivio.cercoiltuovolto.it\/index.php?rest_route=\/wp\/v2\/posts\/231942","targetHints":{"allow":["GET"]}}],"collection":[{"href":"https:\/\/archivio.cercoiltuovolto.it\/index.php?rest_route=\/wp\/v2\/posts"}],"about":[{"href":"https:\/\/archivio.cercoiltuovolto.it\/index.php?rest_route=\/wp\/v2\/types\/post"}],"author":[{"embeddable":true,"href":"https:\/\/archivio.cercoiltuovolto.it\/index.php?rest_route=\/wp\/v2\/users\/3"}],"replies":[{"embeddable":true,"href":"https:\/\/archivio.cercoiltuovolto.it\/index.php?rest_route=%2Fwp%2Fv2%2Fcomments&post=231942"}],"version-history":[{"count":0,"href":"https:\/\/archivio.cercoiltuovolto.it\/index.php?rest_route=\/wp\/v2\/posts\/231942\/revisions"}],"wp:attachment":[{"href":"https:\/\/archivio.cercoiltuovolto.it\/index.php?rest_route=%2Fwp%2Fv2%2Fmedia&parent=231942"}],"wp:term":[{"taxonomy":"category","embeddable":true,"href":"https:\/\/archivio.cercoiltuovolto.it\/index.php?rest_route=%2Fwp%2Fv2%2Fcategories&post=231942"},{"taxonomy":"post_tag","embeddable":true,"href":"https:\/\/archivio.cercoiltuovolto.it\/index.php?rest_route=%2Fwp%2Fv2%2Ftags&post=231942"}],"curies":[{"name":"wp","href":"https:\/\/api.w.org\/{rel}","templated":true}]}}