{"id":231931,"date":"2011-03-16T06:00:36","date_gmt":"2011-03-16T06:00:36","guid":{"rendered":"https:\/\/archivio.cercoiltuovolto.it\/?p=231931"},"modified":"2011-03-16T06:00:36","modified_gmt":"2011-03-16T06:00:36","slug":"glorifica-il-tuo-figlio-commento-alla-preghiera-sacerdotale-spiritualita-del-quotidiano","status":"publish","type":"post","link":"https:\/\/archivio.cercoiltuovolto.it\/?p=231931","title":{"rendered":"Glorifica il tuo figlio &#8211; Commento alla preghiera sacerdotale (Spiritualit\u00e0 del quotidiano)"},"content":{"rendered":"<p><a href=\"http:\/\/www.cercoiltuovolto.it\/wp-content\/uploads\/2011\/03\/Glorifica-il-tuo-figlio.jpg\"><img loading=\"lazy\" decoding=\"async\" class=\"alignleft size-full wp-image-17480\" title=\"Glorifica il tuo figlio\" src=\"http:\/\/www.cercoiltuovolto.it\/wp-content\/uploads\/2011\/03\/Glorifica-il-tuo-figlio.jpg\" alt=\"\" width=\"266\" height=\"434\" \/><\/a>Il volume presenta meditazioni bibliche sul capitolo 17 del Vangelo  secondo Giovanni, noto fin dal XVI secolo come \u00abpreghiera sacerdotale\u00bb  e, pi\u00f9 recentemente, come \u00abpreghiera dell\u2019unit\u00e0\u00bb. Il brano giovanneo  riferisce le ultime parole di Ges\u00f9 prima del suo arresto e della sua  passione: alla presenza del Padre, Ges\u00f9 commemora il suo passaggio nel  mondo, prega per i discepoli, perch\u00e9 abbiano la forza di compiere la  loro missione, e per tutti coloro che crederanno nelle generazioni  future affinch\u00e9 abbiano la perfezione dell\u2019unit\u00e0 tra loro e con il  Padre. \u00abInserirsi in questa preghiera\u00bb, scrive Gianluigi Corti  presentando il suo commento, \u00abvuol dire sentirsi protetti  dall\u2019affettuosa attenzione del Signore, vincere la paura del mondo,  ritrovare la speranza per un futuro di gloria nella contemplazione di  Ges\u00f9 accanto al Padre\u00bb.<\/p>\n<p><strong>Punti forti<\/strong><br \/>Commento puntuale, versetto per versetto.<br \/>Aderenza al testo greco della Scrittura, di cui l\u2019Autore presenta una traduzione personale.<br \/><strong>Destinatari <\/strong><br \/>Adatto  per la meditazione effettuata sia all\u2019interno di gruppi di preghiera,  nei ritiri o negli esercizi spirituali, sia singolarmente. <br \/><strong>Autore<\/strong><br \/> Gianluigi Corti, biblista pavese, \u00e8 tra i docenti di Sacra Scrittura a  Pavia presso il Seminario e l\u2019Istituto Superiore di Scienze Religiose.  Autore di diversi scritti su temi biblici, ha commentato i Libri dei Re e  ha curato un\u2019Introduzione generale allo studio della Bibbia. Con  Paoline ha pubblicato: Un profeta ribelle all\u2019amore. Leggere e pregare  il libro di Giona (1997), Dov\u2019\u00e8, o morte, la tua vittoria? (1999) e  Amico dei peccatori. Amicizia e perdono nel Vangelo di Luca (2004).<\/p>\n<h3>Guarda la presentazione<\/h3>\n<p style=\"text-align: center;\">\n<p class=\"acquista-paragrafo\"><a href=\"http:\/\/www.libreriadelsanto.it\/libri\/9788831539296\/glorifica-il-tuo-figlio.html?p=sot\" target=\"_blank\">Acquista il libro<\/a> su Libreria del Santo<\/p>\n","protected":false},"excerpt":{"rendered":"<p>Il volume presenta meditazioni bibliche sul capitolo 17 del Vangelo secondo Giovanni, noto fin dal XVI secolo come \u00abpreghiera sacerdotale\u00bb e, pi\u00f9 recentemente, come \u00abpreghiera dell\u2019unit\u00e0\u00bb. Il brano giovanneo riferisce le ultime parole di Ges\u00f9 prima del suo arresto e della sua passione: alla presenza del Padre, Ges\u00f9 commemora il suo passaggio nel mondo, prega&#8230;<\/p>\n","protected":false},"author":3,"featured_media":0,"comment_status":"closed","ping_status":"closed","sticky":false,"template":"","format":"standard","meta":{"_kad_post_transparent":"","_kad_post_title":"","_kad_post_layout":"","_kad_post_sidebar_id":"","_kad_post_content_style":"","_kad_post_vertical_padding":"","_kad_post_feature":"","_kad_post_feature_position":"","_kad_post_header":false,"_kad_post_footer":false,"_kad_post_classname":"","footnotes":""},"categories":[101,147],"tags":[17],"class_list":["post-231931","post","type-post","status-publish","format-standard","hentry","category-101","category-commento-al-vangelo","tag-libri"],"_links":{"self":[{"href":"https:\/\/archivio.cercoiltuovolto.it\/index.php?rest_route=\/wp\/v2\/posts\/231931","targetHints":{"allow":["GET"]}}],"collection":[{"href":"https:\/\/archivio.cercoiltuovolto.it\/index.php?rest_route=\/wp\/v2\/posts"}],"about":[{"href":"https:\/\/archivio.cercoiltuovolto.it\/index.php?rest_route=\/wp\/v2\/types\/post"}],"author":[{"embeddable":true,"href":"https:\/\/archivio.cercoiltuovolto.it\/index.php?rest_route=\/wp\/v2\/users\/3"}],"replies":[{"embeddable":true,"href":"https:\/\/archivio.cercoiltuovolto.it\/index.php?rest_route=%2Fwp%2Fv2%2Fcomments&post=231931"}],"version-history":[{"count":0,"href":"https:\/\/archivio.cercoiltuovolto.it\/index.php?rest_route=\/wp\/v2\/posts\/231931\/revisions"}],"wp:attachment":[{"href":"https:\/\/archivio.cercoiltuovolto.it\/index.php?rest_route=%2Fwp%2Fv2%2Fmedia&parent=231931"}],"wp:term":[{"taxonomy":"category","embeddable":true,"href":"https:\/\/archivio.cercoiltuovolto.it\/index.php?rest_route=%2Fwp%2Fv2%2Fcategories&post=231931"},{"taxonomy":"post_tag","embeddable":true,"href":"https:\/\/archivio.cercoiltuovolto.it\/index.php?rest_route=%2Fwp%2Fv2%2Ftags&post=231931"}],"curies":[{"name":"wp","href":"https:\/\/api.w.org\/{rel}","templated":true}]}}