{"id":231901,"date":"2011-03-10T06:00:30","date_gmt":"2011-03-10T06:00:30","guid":{"rendered":"https:\/\/archivio.cercoiltuovolto.it\/?p=231901"},"modified":"2011-03-10T06:00:30","modified_gmt":"2011-03-10T06:00:30","slug":"approfondire-il-rapporto-tra-quaresima-e-battesimo","status":"publish","type":"post","link":"https:\/\/archivio.cercoiltuovolto.it\/?p=231901","title":{"rendered":"Approfondire il rapporto tra Quaresima e Battesimo"},"content":{"rendered":"<p style=\"text-align: center;\"><a href=\"http:\/\/www.cercoiltuovolto.it\/wp-content\/uploads\/2011\/03\/deserto.jpg\"><img loading=\"lazy\" decoding=\"async\" class=\"aligncenter size-full wp-image-17356\" title=\"deserto\" src=\"http:\/\/www.cercoiltuovolto.it\/wp-content\/uploads\/2011\/03\/deserto.jpg\" alt=\"\" width=\"586\" height=\"597\" \/><\/a><\/p>\n<p><em>Approfondire il rapporto tra Quaresima e Battesimo<\/em> &#8211; come ricorda il Papa &#8211; sperimentare l&#8217;opportunit\u00e0 di rimettere a fuoco la realt\u00e0 del male per distanziarsene, praticare ci\u00f2 che \u00e8 meno congeniale e sopportabile, recuperare lo spazio e il tempo della preghiera per trovare la pace interiore e quella con il mondo. La Quaresima apre la via alla Pasqua e alla gioia piena. Marinella Parroni, teologa, e fratel Sabino Chial\u00e0, monaco di Bose, ci aiutano ad entrare nel tempo propizio della conversione.<\/p>\n<div class=\"powerpressbox\">[powerpress]<\/div>\n<p class=\"link\">Fonte: <a href=\"http:\/\/www.radiovaticana.org\/105\/articolo.asp?c=468605\">Radio Vaticana<\/a><\/p>\n","protected":false},"excerpt":{"rendered":"<p>Approfondire il rapporto tra Quaresima e Battesimo &#8211; come ricorda il Papa &#8211; sperimentare l&#8217;opportunit\u00e0 di rimettere a fuoco la realt\u00e0 del male per distanziarsene, praticare ci\u00f2 che \u00e8 meno congeniale e sopportabile, recuperare lo spazio e il tempo della preghiera per trovare la pace interiore e quella con il mondo. La Quaresima apre la&#8230;<\/p>\n","protected":false},"author":3,"featured_media":0,"comment_status":"closed","ping_status":"closed","sticky":false,"template":"","format":"standard","meta":{"_kad_post_transparent":"","_kad_post_title":"","_kad_post_layout":"","_kad_post_sidebar_id":"","_kad_post_content_style":"","_kad_post_vertical_padding":"","_kad_post_feature":"","_kad_post_feature_position":"","_kad_post_header":false,"_kad_post_footer":false,"_kad_post_classname":"","footnotes":""},"categories":[101,4],"tags":[272,475,380],"class_list":["post-231901","post","type-post","status-publish","format-standard","hentry","category-101","category-audio-cattolici","tag-battesimo","tag-deserto","tag-in-evidenza"],"_links":{"self":[{"href":"https:\/\/archivio.cercoiltuovolto.it\/index.php?rest_route=\/wp\/v2\/posts\/231901","targetHints":{"allow":["GET"]}}],"collection":[{"href":"https:\/\/archivio.cercoiltuovolto.it\/index.php?rest_route=\/wp\/v2\/posts"}],"about":[{"href":"https:\/\/archivio.cercoiltuovolto.it\/index.php?rest_route=\/wp\/v2\/types\/post"}],"author":[{"embeddable":true,"href":"https:\/\/archivio.cercoiltuovolto.it\/index.php?rest_route=\/wp\/v2\/users\/3"}],"replies":[{"embeddable":true,"href":"https:\/\/archivio.cercoiltuovolto.it\/index.php?rest_route=%2Fwp%2Fv2%2Fcomments&post=231901"}],"version-history":[{"count":0,"href":"https:\/\/archivio.cercoiltuovolto.it\/index.php?rest_route=\/wp\/v2\/posts\/231901\/revisions"}],"wp:attachment":[{"href":"https:\/\/archivio.cercoiltuovolto.it\/index.php?rest_route=%2Fwp%2Fv2%2Fmedia&parent=231901"}],"wp:term":[{"taxonomy":"category","embeddable":true,"href":"https:\/\/archivio.cercoiltuovolto.it\/index.php?rest_route=%2Fwp%2Fv2%2Fcategories&post=231901"},{"taxonomy":"post_tag","embeddable":true,"href":"https:\/\/archivio.cercoiltuovolto.it\/index.php?rest_route=%2Fwp%2Fv2%2Ftags&post=231901"}],"curies":[{"name":"wp","href":"https:\/\/api.w.org\/{rel}","templated":true}]}}