{"id":231878,"date":"2011-03-06T20:43:34","date_gmt":"2011-03-06T20:43:34","guid":{"rendered":"https:\/\/archivio.cercoiltuovolto.it\/?p=231878"},"modified":"2011-03-06T20:43:34","modified_gmt":"2011-03-06T20:43:34","slug":"benedetto-xvi-angelus-del-6-marzo-2011-in-mp3","status":"publish","type":"post","link":"https:\/\/archivio.cercoiltuovolto.it\/?p=231878","title":{"rendered":"Benedetto XVI &#8211; Angelus del 6 marzo 2011 in mp3"},"content":{"rendered":"<blockquote>\n<p style=\"text-align: center;\">\n<p><em>Cari fratelli e sorelle!<\/em><\/p>\n<p>Il Vangelo di questa domenica presenta la conclusione del \u201cDiscorso  della montagna\u201d, dove il Signore Ges\u00f9, attraverso la parabola delle due case  costruite una sulla roccia e l\u2019altra sulla sabbia, invita i discepoli ad  ascoltare le sue parole e a metterle in pratica (cfr <em>Mt<\/em> 7,24). In questo  modo Egli colloca il discepolo e il suo cammino di fede nell\u2019orizzonte  dell\u2019Alleanza, costituita dalla relazione che Dio intesse con l\u2019uomo, attraverso  il dono della sua Parola, entrando in comunicazione con noi. Il Concilio  Vaticano II afferma: \u201cDio invisibile nel suo grande amore parla agli uomini come ad  amici e si intrattiene con essi, per invitarli e ammetterli alla comunione con  S\u00e9\u201d. (Cost. dogm. sulla divina Rivelazione <em> <a href=\"http:\/\/www.vatican.va\/archive\/hist_councils\/ii_vatican_council\/documents\/vat-ii_const_19651118_dei-verbum_it.html\">Dei Verbum<\/a>, <\/em>2). \u201cIn questa  visione ogni uomo appare come il destinatario della Parola, interpellato e  chiamato ad entrare in tale dialogo d\u2019amore con una risposta libera\u201d (Esort. Ap.  postsin. <a href=\"http:\/\/www.vatican.va\/holy_father\/benedict_xvi\/apost_exhortations\/documents\/hf_ben-xvi_exh_20100930_verbum-domini_it.html#22\"> <em>Verbum Domini, <\/em>22<\/a>). Ges\u00f9 \u00e8 la Parola vivente di Dio. Quando  insegnava, la gente riconosceva nelle sue parole la stessa autorit\u00e0 divina,  sentiva la vicinanza del Signore, il suo amore misericordioso, e rendeva lode a  Dio. In ogni epoca e in ogni luogo, chi ha la grazia di conoscere Ges\u00f9,  specialmente attraverso la lettura del santo Vangelo, ne rimane affascinato,  riconoscendo che nella sua predicazione, nei suoi gesti, nella sua Persona Egli  ci rivela il vero volto di Dio, e al tempo stesso rivela noi a noi stessi, ci fa  sentire la gioia di essere figli del Padre che \u00e8 nei cieli, indicandoci la base  solida su cui edificare la nostra vita.<\/p>\n<ul>\n<li><a href=\"http:\/\/www.vatican.va\/holy_father\/benedict_xvi\/angelus\/2011\/documents\/hf_ben-xvi_ang_20110306_it.html\">Leggi tutto il messaggio<\/a> <em>\u00a9 Copyright 2011 &#8211; Libreria  Editrice Vaticana<\/em><\/li>\n<\/ul>\n<\/blockquote>\n<div class=\"powerpressbox\">[powerpress]<\/div>\n<p style=\"text-align: justify;\"><strong>Fonte<\/strong>: Radio Vaticana via FeedRss<\/p>\n<blockquote>\n<p style=\"text-align: justify;\"><span style=\"font-size: xx-small;\"><em>(The content of this podcast is copyrighted by Vatican Radio which, according to  its statute, is entrusted to manage and protect the sound recordings of the  Roman Pontiff, ensuring that their pastoral character and intellectual  property&#8217;s rights are protected when used by third parties. The content of this  podcast is made available only for personal and private use and cannot be  exploited for commercial purposes, without prior written authorization by  Vatican Radio. For further information, please contact the International  Relation Office at relint@vatiradio.va)<\/em><\/span><\/p>\n<\/blockquote>\n","protected":false},"excerpt":{"rendered":"<p>Cari fratelli e sorelle! Il Vangelo di questa domenica presenta la conclusione del \u201cDiscorso della montagna\u201d, dove il Signore Ges\u00f9, attraverso la parabola delle due case costruite una sulla roccia e l\u2019altra sulla sabbia, invita i discepoli ad ascoltare le sue parole e a metterle in pratica (cfr Mt 7,24). In questo modo Egli colloca&#8230;<\/p>\n","protected":false},"author":3,"featured_media":0,"comment_status":"closed","ping_status":"closed","sticky":false,"template":"","format":"standard","meta":{"_kad_post_transparent":"","_kad_post_title":"","_kad_post_layout":"","_kad_post_sidebar_id":"","_kad_post_content_style":"","_kad_post_vertical_padding":"","_kad_post_feature":"","_kad_post_feature_position":"","_kad_post_header":false,"_kad_post_footer":false,"_kad_post_classname":"","footnotes":""},"categories":[101,114],"tags":[73,9],"class_list":["post-231878","post","type-post","status-publish","format-standard","hentry","category-101","category-angelus","tag-benedetto-xvi","tag-vaticano"],"_links":{"self":[{"href":"https:\/\/archivio.cercoiltuovolto.it\/index.php?rest_route=\/wp\/v2\/posts\/231878","targetHints":{"allow":["GET"]}}],"collection":[{"href":"https:\/\/archivio.cercoiltuovolto.it\/index.php?rest_route=\/wp\/v2\/posts"}],"about":[{"href":"https:\/\/archivio.cercoiltuovolto.it\/index.php?rest_route=\/wp\/v2\/types\/post"}],"author":[{"embeddable":true,"href":"https:\/\/archivio.cercoiltuovolto.it\/index.php?rest_route=\/wp\/v2\/users\/3"}],"replies":[{"embeddable":true,"href":"https:\/\/archivio.cercoiltuovolto.it\/index.php?rest_route=%2Fwp%2Fv2%2Fcomments&post=231878"}],"version-history":[{"count":0,"href":"https:\/\/archivio.cercoiltuovolto.it\/index.php?rest_route=\/wp\/v2\/posts\/231878\/revisions"}],"wp:attachment":[{"href":"https:\/\/archivio.cercoiltuovolto.it\/index.php?rest_route=%2Fwp%2Fv2%2Fmedia&parent=231878"}],"wp:term":[{"taxonomy":"category","embeddable":true,"href":"https:\/\/archivio.cercoiltuovolto.it\/index.php?rest_route=%2Fwp%2Fv2%2Fcategories&post=231878"},{"taxonomy":"post_tag","embeddable":true,"href":"https:\/\/archivio.cercoiltuovolto.it\/index.php?rest_route=%2Fwp%2Fv2%2Ftags&post=231878"}],"curies":[{"name":"wp","href":"https:\/\/api.w.org\/{rel}","templated":true}]}}