{"id":231877,"date":"2011-03-07T06:28:09","date_gmt":"2011-03-07T06:28:09","guid":{"rendered":"https:\/\/archivio.cercoiltuovolto.it\/?p=231877"},"modified":"2011-03-07T06:28:09","modified_gmt":"2011-03-07T06:28:09","slug":"uomo-dove-sei-gesu-unumanita-che-risveglia-la-nostra-umanita-enzo-bianchi-24-febbraio-2011","status":"publish","type":"post","link":"https:\/\/archivio.cercoiltuovolto.it\/?p=231877","title":{"rendered":"&#8220;Uomo dove sei? Ges\u00f9, un&#8217;umanit\u00e0 che risveglia la nostra umanit\u00e0&#8221; &#8211; Enzo Bianchi &#8211; 24 febbraio 2011"},"content":{"rendered":"<p style=\"text-align: center;\"><a href=\"http:\/\/www.cercoiltuovolto.it\/wp-content\/uploads\/2011\/03\/enzo_bianchi_sorriso.jpg\"><img loading=\"lazy\" decoding=\"async\" class=\"aligncenter size-large wp-image-17254\" title=\"enzo_bianchi_sorriso\" src=\"http:\/\/www.cercoiltuovolto.it\/wp-content\/uploads\/2011\/03\/enzo_bianchi_sorriso-536x450.jpg\" alt=\"\" width=\"536\" height=\"450\" \/><\/a><\/p>\n<p style=\"text-align: center;\"><strong>Santa Margherita 24 febbraio 2011 ore 21 <\/strong><\/p>\n<p style=\"text-align: center;\"><strong> &#8220;Uomo dove sei? Ges\u00f9, un&#8217;umanit\u00e0 che risveglia la nostra umanit\u00e0&#8221; <\/strong><\/p>\n<p style=\"text-align: center;\"><strong>Basilica di Santa Margherita Ligure. <\/strong><\/p>\n<p style=\"text-align: center;\"><em>Incontro inserito nel percorso di catechesi per adulti delle parrocchie della citt\u00e0 ligure <\/em><\/p>\n<\/p>\n<p class=\"link\">Fonte: <a href=\"http:\/\/alzogliocchiversoilcielo.blogspot.com\/2011\/03\/santa-margherita-24-febbraio-2011-ore.html\">AlzogliOcchiversoilCielo<\/a><\/p>\n","protected":false},"excerpt":{"rendered":"<p>Santa Margherita 24 febbraio 2011 ore 21 &#8220;Uomo dove sei? Ges\u00f9, un&#8217;umanit\u00e0 che risveglia la nostra umanit\u00e0&#8221; Basilica di Santa Margherita Ligure. Incontro inserito nel percorso di catechesi per adulti delle parrocchie della citt\u00e0 ligure Fonte: AlzogliOcchiversoilCielo<\/p>\n","protected":false},"author":3,"featured_media":0,"comment_status":"closed","ping_status":"closed","sticky":false,"template":"","format":"standard","meta":{"_kad_post_transparent":"","_kad_post_title":"","_kad_post_layout":"","_kad_post_sidebar_id":"","_kad_post_content_style":"","_kad_post_vertical_padding":"","_kad_post_feature":"","_kad_post_feature_position":"","_kad_post_header":false,"_kad_post_footer":false,"_kad_post_classname":"","footnotes":""},"categories":[101,4],"tags":[57,90,474],"class_list":["post-231877","post","type-post","status-publish","format-standard","hentry","category-101","category-audio-cattolici","tag-conferenze","tag-convegni","tag-enzo-bianchi"],"_links":{"self":[{"href":"https:\/\/archivio.cercoiltuovolto.it\/index.php?rest_route=\/wp\/v2\/posts\/231877","targetHints":{"allow":["GET"]}}],"collection":[{"href":"https:\/\/archivio.cercoiltuovolto.it\/index.php?rest_route=\/wp\/v2\/posts"}],"about":[{"href":"https:\/\/archivio.cercoiltuovolto.it\/index.php?rest_route=\/wp\/v2\/types\/post"}],"author":[{"embeddable":true,"href":"https:\/\/archivio.cercoiltuovolto.it\/index.php?rest_route=\/wp\/v2\/users\/3"}],"replies":[{"embeddable":true,"href":"https:\/\/archivio.cercoiltuovolto.it\/index.php?rest_route=%2Fwp%2Fv2%2Fcomments&post=231877"}],"version-history":[{"count":0,"href":"https:\/\/archivio.cercoiltuovolto.it\/index.php?rest_route=\/wp\/v2\/posts\/231877\/revisions"}],"wp:attachment":[{"href":"https:\/\/archivio.cercoiltuovolto.it\/index.php?rest_route=%2Fwp%2Fv2%2Fmedia&parent=231877"}],"wp:term":[{"taxonomy":"category","embeddable":true,"href":"https:\/\/archivio.cercoiltuovolto.it\/index.php?rest_route=%2Fwp%2Fv2%2Fcategories&post=231877"},{"taxonomy":"post_tag","embeddable":true,"href":"https:\/\/archivio.cercoiltuovolto.it\/index.php?rest_route=%2Fwp%2Fv2%2Ftags&post=231877"}],"curies":[{"name":"wp","href":"https:\/\/api.w.org\/{rel}","templated":true}]}}