{"id":231863,"date":"2011-03-03T06:00:49","date_gmt":"2011-03-03T06:00:49","guid":{"rendered":"https:\/\/archivio.cercoiltuovolto.it\/?p=231863"},"modified":"2011-03-03T06:00:49","modified_gmt":"2011-03-03T06:00:49","slug":"commento-al-vangelo-domenica-6-marzo-2011-bellanotizia","status":"publish","type":"post","link":"https:\/\/archivio.cercoiltuovolto.it\/?p=231863","title":{"rendered":"Commento al Vangelo &#8211; Domenica 6 marzo 2011 &#8211; Bellanotizia"},"content":{"rendered":"<p style=\"text-align: center;\">\n<p style=\"text-align: justify;\">Questa \u00e8 una rielaborazione <strong>audio\/video<\/strong> sulle letture della Messa di:<strong><em> DOMENICA 6 marzo 2011 &#8211; IX DOMENICA DEL TEMPO ORDINARIO <\/em><\/strong>(Anno A) a cura di <a href=\"http:\/\/www.bellanotizia.it\" target=\"_blank\">Antonio Di Lieto<\/a>.<\/p>\n<p style=\"text-align: justify;\">Il titolo della Messa, che unifica tutte le letture, secondo l&#8217;autore \u00e8: <strong>Una roccia sicura!<\/strong><\/p>\n<p class=\"link\" style=\"text-align: justify;\"><a href=\"http:\/\/www.youtube.com\/watch?v=Oua_LH5uAaA\">Link al video<\/a><strong><br \/> <\/strong><\/p>\n<div class=\"powerpressbox\">[powerpress]<\/div>\n<h2>Commento alle Letture<\/h2>\n<blockquote>\n<h3><span style=\"text-decoration: underline;\">DALLA PRIMA LETTURA (libro del Deuteron\u00f2mio 11,18.26-28.32)<\/span><\/h3>\n<p>Questa lettura \u00e8 Parola di Dio. Quindi \u00e8 Dio che ci  parla e &#8211; per bocca di Mos\u00e8 &#8211; ci dice: \u201cScrivi sul palmo della mano, i  comandamenti che Io ti ho dato. Tienili sempre davanti agli occhi:  stampateli nell\u2019anima e sul cuore! Perch\u00e8 il tuo futuro dipende da essi:  se obbedirai a queste Mie magnifiche norme infatti, sarai pieno di  benedizione. Ma se ti allontanerai dalla Mia strada, per seguire  idolatr\u00ece sconosciute, troverai solo maledizioni. Cerca in tutti i modi  allora, di mettere in pratica le leggi che ti ho dato: e costruirai la  tua vita su UNA ROCCIA SICURA !\u201d.<\/p>\n<h3><span style=\"text-decoration: underline;\">DAL SALMO RESPONSORIALE (Salmo 30,2.4.17.25)<\/span><\/h3>\n<p>Questo salmo \u00e8 Parola di Dio. Quindi \u00e8 Dio che ci parla e  ci dice: \u201cIo sono il Signore: la tua ROCCIA di rifugio. Cerca riparo in  Me: e non resterai deluso. Perch\u00e9 Io sono giusto e ti difendo: se sei  in difficolt\u00e0, ascolto il tuo grido di aiuto e vengo subito a liberarti.  Io sono la tua ROCCIA di rifugio: la fortezza dove puoi ripararti al  SICURO. Io non tradisco la Mia fama: ti guido e ti conduco per la via  sicura. Tu sei Mio umile servo: per questo su di te, faccio splendere il  sorriso del Mio volto. Ti salvo: ti faccio vedere la Mia misericordia.  Mantieni il cuore saldo quindi, tu che speri in Me: e sii forte !\u201d.<\/p>\n<h3><span style=\"text-decoration: underline;\">DALLA SECONDA LETTURA (lettera di Paolo ai Romani 3,21-25a.28)<\/span><\/h3>\n<p>Questa lettera \u00e8 Parola di Dio. Quindi \u00e8 Dio che ci  parla e &#8211; per bocca di Paolo &#8211; ci dice:\u201cAma gli altri come fratelli. E  ricorda che la salvezza annunciata dalla Bibbia e dai Profeti, si  ottiene non tanto sforzandosi di rispettare mille leggi religiose: ma  affidandosi con tutto il cuore a Ges\u00f9 Cristo. Tra voi uomini infatti,  non c\u2019\u00e8 poi tanta differenza: tutti peccate e tutti siete lontani dal  Mio amore. Ma Io vi salvo lo stesso, per Mia grazia: se accetate con  fede, la redenzione operata gratuitamente da Cristo. Io cio\u00e8 ho  stabilito che Mio Figlio fosse strumento di espiazione, per tutti coloro  che si affidano a Lui. Per questo tu sarai salvato non tanto grazie  alle tue opere ed ai tuoi sforzi, ma se ti sarai aggrappato con fede a  Ges\u00f9 Cristo: l\u2019unica vera ROCCIA di salvezza !\u201d.<\/p>\n<h3><span style=\"text-decoration: underline;\">DAL VANGELO (Matteo 7,21-27)<\/span><\/h3>\n<p>Questo vangelo \u00e8 Parola  di Dio. Quindi \u00e8 Ges\u00f9 che ci parla e ci dice: \u201cNon basta dire a parole  \u00abSignore, Signore\u00bb, per entrare nel regno dei cieli: ma devi fare nei  fatti la volont\u00e0 di Dio, che \u00e8 nostro Padre.<\/p>\n<p>Nel giorno del giudizio  infatti, molti mi diranno con presunzione: \u00abSignore, Signore, noi  abbiamo parlato sempre nel tuo nome: combattendo il male e compiendo  grandi cose!\u00bb. Ma io risponder\u00f2 loro: \u201cVoi non mi avete mai conosciuto  veramente: non mi avete seguito nei fatti. Mi spiace, ma non posso farvi  entrare: perch\u00e9 avete compiuto sempre e solo azioni malvage!\u201d.<\/p>\n<p>Perci\u00f2 non basta  ascoltare le mie parole: devi metterle in pratica. Costruisci su di esse  la tua vita: e sarai come quell\u2019uomo intelligente che ha costruito la  tua casa sulla ROCCIA. Pu\u00f2 soffiare il vento, cadere la pioggia, persino  straripare il fiume, ma la sua casa non cadr\u00e0: perch\u00e9 \u00e8 fondata sulla  ROCCIA.<\/p>\n<p>Se invece le mie  parole solo le ascolti ma non le metti in pratica, sarai come quell\u2019uomo  sprovveduto che ha costruito la sua casa sulla sabbia del mare: al  primo vento e alla prima pioggia ti croller\u00e0. Metti in pratica le mie  parole dunque: ed avrai costruito la tua vita, su di UNA ROCCIA SICURA  !\u201d<\/p><\/blockquote>\n<blockquote>\n<p><span class=\"morebis\"> <\/span><strong>Sul sito<\/strong> <a href=\"http:\/\/www.bellanotizia.it\/\" target=\"_blank\">http:\/\/www.bellanotizia.it<\/a> puoi scaricare tante altre &#8220;bellenotizie&#8221;, anche in forma di registrazione-audio e presentazione-video, oltre a diversi miei articoli, scritti, corrispondenze-mail ed ipotesi innovative.<\/p>\n<p style=\"text-align: justify;\"><strong>Note<\/strong>: L&#8217;autore precisa che, anche se la lettura di queste bellenotizie aiuta a comprendere la prima parte della Messa (Liturgia della Parola), non potr\u00e0 mai sostituire la seconda parte (Liturgia eucaristica), in cui ci viene data la possibilit\u00e0 di &#8220;abbracciare&#8221; veramente il Corpo di Cristo.<\/p>\n<\/blockquote>\n","protected":false},"excerpt":{"rendered":"<p>Questa \u00e8 una rielaborazione audio\/video sulle letture della Messa di: DOMENICA 6 marzo 2011 &#8211; IX DOMENICA DEL TEMPO ORDINARIO (Anno A) a cura di Antonio Di Lieto. Il titolo della Messa, che unifica tutte le letture, secondo l&#8217;autore \u00e8: Una roccia sicura! Link al video [powerpress] Commento alle Letture DALLA PRIMA LETTURA (libro del&#8230;<\/p>\n","protected":false},"author":3,"featured_media":0,"comment_status":"closed","ping_status":"closed","sticky":false,"template":"","format":"standard","meta":{"_kad_post_transparent":"","_kad_post_title":"","_kad_post_layout":"","_kad_post_sidebar_id":"","_kad_post_content_style":"","_kad_post_vertical_padding":"","_kad_post_feature":"","_kad_post_feature_position":"","_kad_post_header":false,"_kad_post_footer":false,"_kad_post_classname":"","footnotes":""},"categories":[101,232],"tags":[5,172],"class_list":["post-231863","post","type-post","status-publish","format-standard","hentry","category-101","category-bella-notizia","tag-commento-al-vangelo","tag-vangelo-della-domenica"],"_links":{"self":[{"href":"https:\/\/archivio.cercoiltuovolto.it\/index.php?rest_route=\/wp\/v2\/posts\/231863","targetHints":{"allow":["GET"]}}],"collection":[{"href":"https:\/\/archivio.cercoiltuovolto.it\/index.php?rest_route=\/wp\/v2\/posts"}],"about":[{"href":"https:\/\/archivio.cercoiltuovolto.it\/index.php?rest_route=\/wp\/v2\/types\/post"}],"author":[{"embeddable":true,"href":"https:\/\/archivio.cercoiltuovolto.it\/index.php?rest_route=\/wp\/v2\/users\/3"}],"replies":[{"embeddable":true,"href":"https:\/\/archivio.cercoiltuovolto.it\/index.php?rest_route=%2Fwp%2Fv2%2Fcomments&post=231863"}],"version-history":[{"count":0,"href":"https:\/\/archivio.cercoiltuovolto.it\/index.php?rest_route=\/wp\/v2\/posts\/231863\/revisions"}],"wp:attachment":[{"href":"https:\/\/archivio.cercoiltuovolto.it\/index.php?rest_route=%2Fwp%2Fv2%2Fmedia&parent=231863"}],"wp:term":[{"taxonomy":"category","embeddable":true,"href":"https:\/\/archivio.cercoiltuovolto.it\/index.php?rest_route=%2Fwp%2Fv2%2Fcategories&post=231863"},{"taxonomy":"post_tag","embeddable":true,"href":"https:\/\/archivio.cercoiltuovolto.it\/index.php?rest_route=%2Fwp%2Fv2%2Ftags&post=231863"}],"curies":[{"name":"wp","href":"https:\/\/api.w.org\/{rel}","templated":true}]}}