{"id":231858,"date":"2011-03-04T06:00:48","date_gmt":"2011-03-04T06:00:48","guid":{"rendered":"https:\/\/archivio.cercoiltuovolto.it\/?p=231858"},"modified":"2011-03-04T06:00:48","modified_gmt":"2011-03-04T06:00:48","slug":"duomo-di-s-andrea-apostolo-amalfi","status":"publish","type":"post","link":"https:\/\/archivio.cercoiltuovolto.it\/?p=231858","title":{"rendered":"Duomo di S. Andrea Apostolo &#8211; Amalfi"},"content":{"rendered":"<p style=\"text-align: center;\"><a href=\"http:\/\/www.cercoiltuovolto.it\/wp-content\/uploads\/2011\/03\/Duomo-di-S.-Andrea-Apostolo.jpg\"><img loading=\"lazy\" decoding=\"async\" class=\"aligncenter size-large wp-image-17162\" title=\"Duomo di S. Andrea Apostolo\" src=\"http:\/\/www.cercoiltuovolto.it\/wp-content\/uploads\/2011\/03\/Duomo-di-S.-Andrea-Apostolo-600x450.jpg\" alt=\"\" width=\"540\" height=\"405\" \/><\/a><\/p>\n<blockquote>\n<p>In origine le basiliche ad Amalfi erano due, ed entrambe a tre navate: la prima corrisponde al Duomo vecchio eretto dal duca Mansone II attorno all&#8217;anno 1000: la seconda eretta a met\u00e0 del IX secolo \u00e8 pi\u00f9 ampia . In quei tempi i due luoghi di culto venivano ad essere  officiati contemporaneamente come avveniva in tutte le chiese  paleocristiane della Campania. La basilica venne trasformata nei primi decenni del XIII secolo sotto l&#8217;arcivescovo Matteo Capuano e il cardinale Pietro Capuano, entrambi unirono i due luoghi di culto in uno solo a cinque navate. Ulteriori ampliamenti e ricostruzioni avvennero tra il XVI secolo e il XVIII secolo che gli ha conferito la veste attuale. [via <a href=\"http:\/\/it.wikipedia.org\/wiki\/Duomo_di_Amalfi\">Wikipedia<\/a>]<\/p>\n<\/blockquote>\n<p>Documentario prodotto dalla TV dell&#8217;Immacolata &#8211; 2011. http:\/\/www.tvimmacolata.net<\/p>\n","protected":false},"excerpt":{"rendered":"<p>In origine le basiliche ad Amalfi erano due, ed entrambe a tre navate: la prima corrisponde al Duomo vecchio eretto dal duca Mansone II attorno all&#8217;anno 1000: la seconda eretta a met\u00e0 del IX secolo \u00e8 pi\u00f9 ampia . In quei tempi i due luoghi di culto venivano ad essere officiati contemporaneamente come avveniva in&#8230;<\/p>\n","protected":false},"author":3,"featured_media":0,"comment_status":"closed","ping_status":"closed","sticky":false,"template":"","format":"standard","meta":{"_kad_post_transparent":"","_kad_post_title":"","_kad_post_layout":"","_kad_post_sidebar_id":"","_kad_post_content_style":"","_kad_post_vertical_padding":"","_kad_post_feature":"","_kad_post_feature_position":"","_kad_post_header":false,"_kad_post_footer":false,"_kad_post_classname":"","footnotes":""},"categories":[101,118],"tags":[55,24,113],"class_list":["post-231858","post","type-post","status-publish","format-standard","hentry","category-101","category-diocesi","tag-documentario","tag-televisione","tag-video"],"_links":{"self":[{"href":"https:\/\/archivio.cercoiltuovolto.it\/index.php?rest_route=\/wp\/v2\/posts\/231858","targetHints":{"allow":["GET"]}}],"collection":[{"href":"https:\/\/archivio.cercoiltuovolto.it\/index.php?rest_route=\/wp\/v2\/posts"}],"about":[{"href":"https:\/\/archivio.cercoiltuovolto.it\/index.php?rest_route=\/wp\/v2\/types\/post"}],"author":[{"embeddable":true,"href":"https:\/\/archivio.cercoiltuovolto.it\/index.php?rest_route=\/wp\/v2\/users\/3"}],"replies":[{"embeddable":true,"href":"https:\/\/archivio.cercoiltuovolto.it\/index.php?rest_route=%2Fwp%2Fv2%2Fcomments&post=231858"}],"version-history":[{"count":0,"href":"https:\/\/archivio.cercoiltuovolto.it\/index.php?rest_route=\/wp\/v2\/posts\/231858\/revisions"}],"wp:attachment":[{"href":"https:\/\/archivio.cercoiltuovolto.it\/index.php?rest_route=%2Fwp%2Fv2%2Fmedia&parent=231858"}],"wp:term":[{"taxonomy":"category","embeddable":true,"href":"https:\/\/archivio.cercoiltuovolto.it\/index.php?rest_route=%2Fwp%2Fv2%2Fcategories&post=231858"},{"taxonomy":"post_tag","embeddable":true,"href":"https:\/\/archivio.cercoiltuovolto.it\/index.php?rest_route=%2Fwp%2Fv2%2Ftags&post=231858"}],"curies":[{"name":"wp","href":"https:\/\/api.w.org\/{rel}","templated":true}]}}