{"id":231811,"date":"2011-02-20T21:44:31","date_gmt":"2011-02-20T21:44:31","guid":{"rendered":"https:\/\/archivio.cercoiltuovolto.it\/?p=231811"},"modified":"2011-02-20T21:44:31","modified_gmt":"2011-02-20T21:44:31","slug":"benedetto-xvi-angelus-del-20-febbraio-2011-in-mp3","status":"publish","type":"post","link":"https:\/\/archivio.cercoiltuovolto.it\/?p=231811","title":{"rendered":"Benedetto XVI &#8211; Angelus del 20 febbraio 2011 in mp3"},"content":{"rendered":"<blockquote>\n<p style=\"text-align: center;\">\n<p><em>Cari fratelli e sorelle!<\/em><\/p>\n<p>In questa settima domenica del  <a href=\"http:\/\/www.vatican.va\/liturgical_year\/liturgico_it\/ordinario.html\">Tempo Ordinario<\/a>,  le letture bibliche ci parlano  della volont\u00e0 di Dio di rendere partecipi gli uomini della sua vita: \u00abSiate  santi, perch\u00e9 io, il Signore, vostro Dio, sono santo\u00bb &#8211; si legge nel Libro  del Levitico (19,1). Con queste parole, e i precetti che ne conseguono, il Signore  invitava il popolo che si era scelto ad essere fedele all\u2019alleanza con Lui  camminando sulle sue vie e fondava la legislazione sociale sul comandamento  \u00abamerai il tuo prossimo come te stesso\u00bb (<em>Lv<\/em> 19,18). Se ascoltiamo, poi,  Ges\u00f9, nel quale Dio ha assunto un corpo mortale per farsi prossimo di ogni uomo  e rivelare il suo amore infinito per noi, ritroviamo quella stessa chiamata,  quello stesso audace obiettivo. Dice, infatti, il Signore: \u00abSiate perfetti come  \u00e8 perfetto il Padre vostro celeste\u00bb (<em>Mt<\/em> 5,48). Ma chi potrebbe diventare  perfetto? La nostra perfezione \u00e8 vivere con umilt\u00e0 come figli di Dio compiendo  concretamente la sua volont\u00e0. San Cipriano scriveva che \u00aballa paternit\u00e0 di Dio  deve corrispondere un comportamento da figli di Dio, perch\u00e9 Dio sia glorificato  e lodato dalla buona condotta dell\u2019uomo\u00bb (<em>De zelo et livore<\/em>, 15: <em>CCL<\/em> 3a, 83).<\/p>\n<ul>\n<li><a href=\"http:\/\/www.vatican.va\/holy_father\/benedict_xvi\/angelus\/2011\/documents\/hf_ben-xvi_ang_20110220_it.html\">Leggi tutto il messaggio<\/a> <em>\u00a9 Copyright 2011 &#8211; Libreria  Editrice Vaticana<\/em><\/li>\n<\/ul>\n<\/blockquote>\n<div class=\"powerpressbox\">[powerpress]<\/div>\n<p style=\"text-align: justify;\"><strong>Fonte<\/strong>: Radio Vaticana via FeedRss<\/p>\n<blockquote>\n<p style=\"text-align: justify;\"><span style=\"font-size: xx-small;\"><em>(The content of this podcast is copyrighted by Vatican Radio which, according to  its statute, is entrusted to manage and protect the sound recordings of the  Roman Pontiff, ensuring that their pastoral character and intellectual  property&#8217;s rights are protected when used by third parties. The content of this  podcast is made available only for personal and private use and cannot be  exploited for commercial purposes, without prior written authorization by  Vatican Radio. For further information, please contact the International  Relation Office at relint@vatiradio.va)<\/em><\/span><\/p>\n<\/blockquote>\n","protected":false},"excerpt":{"rendered":"<p>Cari fratelli e sorelle! In questa settima domenica del Tempo Ordinario, le letture bibliche ci parlano della volont\u00e0 di Dio di rendere partecipi gli uomini della sua vita: \u00abSiate santi, perch\u00e9 io, il Signore, vostro Dio, sono santo\u00bb &#8211; si legge nel Libro del Levitico (19,1). Con queste parole, e i precetti che ne conseguono,&#8230;<\/p>\n","protected":false},"author":3,"featured_media":0,"comment_status":"closed","ping_status":"closed","sticky":false,"template":"","format":"standard","meta":{"_kad_post_transparent":"","_kad_post_title":"","_kad_post_layout":"","_kad_post_sidebar_id":"","_kad_post_content_style":"","_kad_post_vertical_padding":"","_kad_post_feature":"","_kad_post_feature_position":"","_kad_post_header":false,"_kad_post_footer":false,"_kad_post_classname":"","footnotes":""},"categories":[101,114],"tags":[73,9],"class_list":["post-231811","post","type-post","status-publish","format-standard","hentry","category-101","category-angelus","tag-benedetto-xvi","tag-vaticano"],"_links":{"self":[{"href":"https:\/\/archivio.cercoiltuovolto.it\/index.php?rest_route=\/wp\/v2\/posts\/231811","targetHints":{"allow":["GET"]}}],"collection":[{"href":"https:\/\/archivio.cercoiltuovolto.it\/index.php?rest_route=\/wp\/v2\/posts"}],"about":[{"href":"https:\/\/archivio.cercoiltuovolto.it\/index.php?rest_route=\/wp\/v2\/types\/post"}],"author":[{"embeddable":true,"href":"https:\/\/archivio.cercoiltuovolto.it\/index.php?rest_route=\/wp\/v2\/users\/3"}],"replies":[{"embeddable":true,"href":"https:\/\/archivio.cercoiltuovolto.it\/index.php?rest_route=%2Fwp%2Fv2%2Fcomments&post=231811"}],"version-history":[{"count":0,"href":"https:\/\/archivio.cercoiltuovolto.it\/index.php?rest_route=\/wp\/v2\/posts\/231811\/revisions"}],"wp:attachment":[{"href":"https:\/\/archivio.cercoiltuovolto.it\/index.php?rest_route=%2Fwp%2Fv2%2Fmedia&parent=231811"}],"wp:term":[{"taxonomy":"category","embeddable":true,"href":"https:\/\/archivio.cercoiltuovolto.it\/index.php?rest_route=%2Fwp%2Fv2%2Fcategories&post=231811"},{"taxonomy":"post_tag","embeddable":true,"href":"https:\/\/archivio.cercoiltuovolto.it\/index.php?rest_route=%2Fwp%2Fv2%2Ftags&post=231811"}],"curies":[{"name":"wp","href":"https:\/\/api.w.org\/{rel}","templated":true}]}}