{"id":231805,"date":"2011-02-19T06:00:36","date_gmt":"2011-02-19T06:00:36","guid":{"rendered":"https:\/\/archivio.cercoiltuovolto.it\/?p=231805"},"modified":"2011-02-19T06:00:36","modified_gmt":"2011-02-19T06:00:36","slug":"ncontro-bianchi-serra","status":"publish","type":"post","link":"https:\/\/archivio.cercoiltuovolto.it\/?p=231805","title":{"rendered":"Cultura ed Etica &#8211; Incontro con Enzo Bianchi e Michele Serra ad Aosta"},"content":{"rendered":"<p style=\"text-align: center;\"><a href=\"http:\/\/www.cercoiltuovolto.it\/wp-content\/uploads\/2011\/02\/enzo-bianchi-forte-di-bard.jpg\"><img loading=\"lazy\" decoding=\"async\" class=\"aligncenter size-large wp-image-16977\" title=\"enzo bianchi forte di bard\" src=\"http:\/\/www.cercoiltuovolto.it\/wp-content\/uploads\/2011\/02\/enzo-bianchi-forte-di-bard-600x450.jpg\" alt=\"\" width=\"519\" height=\"389\" \/><\/a><\/p>\n<p style=\"text-align: justify;\">Ha registrato il tutto esaurito l&#8217;incontro tra <strong>Enzo Bianchi<\/strong>, priore della comunit\u00e0 monastica di Bose e il giornalista e autore televisivo <strong>Michele Serra<\/strong>, domenica 13 febbraio, al Teatro Giacosa di Aosta. Due ore e mezza di dialogo che hanno preso spunto dai temi e dalle riflessioni sulla vita affrontate da Bianchi nella sua ultima, intensa, fatica letteraria, <em>Ogni cosa alla sua stagione<\/em>.<\/p>\n<p style=\"text-align: justify;\">\u00a0<\/p>\n<p style=\"text-align: justify;\">Ecco il ringraziamento che Padre Bianchi vuole rivolgere a tutti coloro intervenuti numerosi ad Aosta:<\/p>\n<blockquote>\n<p style=\"text-align: justify;\">Profondamente toccato per il grande numero di lettere e messaggi pervenutimi dopo la lettura di Ogni cosa alla sua stagione, desidero esprimere un semplice grazie, con tutto me stesso. S\u00ec, ho deciso di piantare un viale di tigli, perch\u00e9 sono anziano. Alla mia et\u00e0, credo sia necessario fare atti di fiducia nel futuro su questa terra. Sono sotto il mio eremo: non so per quanti anni potr\u00f2 sentire il profumo strabiliante che emanano in maggio, soprattutto la mattina presto e nelle lunghe serate piene di luce. Quel profumo che sale dalla terra della collina, sar\u00e0 soprattutto per gli altri che verranno dopo di me, ma fin d\u2019ora \u00e8 anche per voi. Colti dall\u2019anzianit\u00e0, \u00e8 importante pensare non soltanto a noi e ravvivare invece il nostro rapporto con la terra e con chi abbiamo incontrato. Gratitudine per le persone care, per i volti che ci hanno visitato, per ogni gesto e per ogni tenerezza. S\u00ec, perch\u00e9 un giorno saranno pesate solo le nostre lacrime, le nostre carezze. Grazie! Enzo Bianchi, Priore di Bose<\/p>\n<\/blockquote>\n<div class=\"powerpressbox\" style=\"text-align: justify;\">[powerpress]<\/div>\n<p class=\"link\">fonte: <a href=\"http:\/\/www.fortedibard.it\/news\/incontro-bianchi-serra\">incontro-bianchi-serra<\/a><\/p>\n","protected":false},"excerpt":{"rendered":"<p>Ha registrato il tutto esaurito l&#8217;incontro tra Enzo Bianchi, priore della comunit\u00e0 monastica di Bose e il giornalista e autore televisivo Michele Serra, domenica 13 febbraio, al Teatro Giacosa di Aosta. Due ore e mezza di dialogo che hanno preso spunto dai temi e dalle riflessioni sulla vita affrontate da Bianchi nella sua ultima, intensa,&#8230;<\/p>\n","protected":false},"author":3,"featured_media":0,"comment_status":"closed","ping_status":"closed","sticky":false,"template":"","format":"standard","meta":{"_kad_post_transparent":"","_kad_post_title":"","_kad_post_layout":"","_kad_post_sidebar_id":"","_kad_post_content_style":"","_kad_post_vertical_padding":"","_kad_post_feature":"","_kad_post_feature_position":"","_kad_post_header":false,"_kad_post_footer":false,"_kad_post_classname":"","footnotes":""},"categories":[101,467],"tags":[360,117],"class_list":["post-231805","post","type-post","status-publish","format-standard","hentry","category-101","category-enzo-bianchi","tag-etica","tag-incontri"],"_links":{"self":[{"href":"https:\/\/archivio.cercoiltuovolto.it\/index.php?rest_route=\/wp\/v2\/posts\/231805","targetHints":{"allow":["GET"]}}],"collection":[{"href":"https:\/\/archivio.cercoiltuovolto.it\/index.php?rest_route=\/wp\/v2\/posts"}],"about":[{"href":"https:\/\/archivio.cercoiltuovolto.it\/index.php?rest_route=\/wp\/v2\/types\/post"}],"author":[{"embeddable":true,"href":"https:\/\/archivio.cercoiltuovolto.it\/index.php?rest_route=\/wp\/v2\/users\/3"}],"replies":[{"embeddable":true,"href":"https:\/\/archivio.cercoiltuovolto.it\/index.php?rest_route=%2Fwp%2Fv2%2Fcomments&post=231805"}],"version-history":[{"count":0,"href":"https:\/\/archivio.cercoiltuovolto.it\/index.php?rest_route=\/wp\/v2\/posts\/231805\/revisions"}],"wp:attachment":[{"href":"https:\/\/archivio.cercoiltuovolto.it\/index.php?rest_route=%2Fwp%2Fv2%2Fmedia&parent=231805"}],"wp:term":[{"taxonomy":"category","embeddable":true,"href":"https:\/\/archivio.cercoiltuovolto.it\/index.php?rest_route=%2Fwp%2Fv2%2Fcategories&post=231805"},{"taxonomy":"post_tag","embeddable":true,"href":"https:\/\/archivio.cercoiltuovolto.it\/index.php?rest_route=%2Fwp%2Fv2%2Ftags&post=231805"}],"curies":[{"name":"wp","href":"https:\/\/api.w.org\/{rel}","templated":true}]}}