{"id":231796,"date":"2011-02-17T16:34:36","date_gmt":"2011-02-17T16:34:36","guid":{"rendered":"https:\/\/archivio.cercoiltuovolto.it\/?p=231796"},"modified":"2011-02-17T16:34:36","modified_gmt":"2011-02-17T16:34:36","slug":"lanno-paolino-di-graziano-motta-presentazione-del-volume","status":"publish","type":"post","link":"https:\/\/archivio.cercoiltuovolto.it\/?p=231796","title":{"rendered":"&#8220;L&#8217;Anno Paolino&#8221; di Graziano Motta &#8211; presentazione del volume"},"content":{"rendered":"<p style=\"text-align: justify;\"><a href=\"http:\/\/www.cercoiltuovolto.it\/wp-content\/uploads\/2011\/02\/Anno-Paolino.jpg\"><img loading=\"lazy\" decoding=\"async\" class=\"alignleft size-large wp-image-16921\" title=\"Anno Paolino\" src=\"http:\/\/www.cercoiltuovolto.it\/wp-content\/uploads\/2011\/02\/Anno-Paolino-333x450.jpg\" alt=\"\" width=\"252\" height=\"341\" \/><\/a>Il  volume offre la completa documentazione di quanto \u00e8 avvenuto nell&#8217;Anno  Paolino (svoltosi dal 28 giugno 2008 al 29 giugno 2009), indetto da  Benedetto XVI per celebrare il bimillenario della nascita dell\u2019Apostolo  Paolo.<br \/>\n Il corposo lavoro \u00e8 una preziosa testimonianza dell\u2019enorme portata di  questo straordinario evento di Grazia, che ha coinvolto non solo la  Basilica Papale di San Paolo fuori le mura ma anche le Diocesi di ogni  parte del mondo, che si sono mobilitate con zelo e fervore per celebrare  l\u2019Apostolo delle genti. <br \/>\n In particolare l\u2019Autore dedica una speciale attenzione a tutti gli  eventi ecumenici, celebrazioni, convegni, conferenze, concerti, che  hanno riunito il mondo cattolico attorno alla figura dell\u2019Apostolo  Paolo, e al Santo Padre Benedetto XVI, che con il suo magistero ha  sensibilmente arricchito questo eccezionale avvenimento.<br \/>\n Il Volume, valorizzato  anche dalla prefazione del Segretario di Stato di Sua Santit\u00e0, il Card.  Tarcisio Bertone, \u00e8 corredato da numerose immagini a colori che  ritraggono i momenti pi\u00f9 significativi dell\u2019Anno Paolino<br \/>\n DESTINATARI:  il volume \u00e8 rivolto a tutta la comunit\u00e0 Cristiana, affinch\u00e9, grazie a  queste feconde iniziative, possa ritrovarsi unita attorno al patrimonio  comune, di fede e tradizioni, della Chiesa Cattolica. E&#8217; raccomandato in  particolare alle biblioteche, ai centri di documentazione e facolt\u00e0  universitarie.<\/p>\n<p class=\"acquista-paragrafo\"><a href=\"http:\/\/www.ibs.it\/code\/9788820985141\/motta-graziano\/anno-paolino.html?shop=3462\" target=\"_blank\">Acquista il libro<\/a> su IBS<\/p>\n<div class=\"powerpressbox\">\n<h3>Ascolta la presentazione del volume<br \/>\n<a href=\"http:\/\/www.oecumene.radiovaticana.org\/IT1\/articolo.asp?c=463051\">fonte Radio Vaticana<\/a><\/h3>\n<p>[powerpress]<\/p>\n<\/div>\n","protected":false},"excerpt":{"rendered":"<p>Il volume offre la completa documentazione di quanto \u00e8 avvenuto nell&#8217;Anno Paolino (svoltosi dal 28 giugno 2008 al 29 giugno 2009), indetto da Benedetto XVI per celebrare il bimillenario della nascita dell\u2019Apostolo Paolo. Il corposo lavoro \u00e8 una preziosa testimonianza dell\u2019enorme portata di questo straordinario evento di Grazia, che ha coinvolto non solo la Basilica&#8230;<\/p>\n","protected":false},"author":3,"featured_media":0,"comment_status":"closed","ping_status":"closed","sticky":false,"template":"","format":"standard","meta":{"_kad_post_transparent":"","_kad_post_title":"","_kad_post_layout":"","_kad_post_sidebar_id":"","_kad_post_content_style":"","_kad_post_vertical_padding":"","_kad_post_feature":"","_kad_post_feature_position":"","_kad_post_header":false,"_kad_post_footer":false,"_kad_post_classname":"","footnotes":""},"categories":[101,3],"tags":[17,27],"class_list":["post-231796","post","type-post","status-publish","format-standard","hentry","category-101","category-libri","tag-libri","tag-radio-vaticana"],"_links":{"self":[{"href":"https:\/\/archivio.cercoiltuovolto.it\/index.php?rest_route=\/wp\/v2\/posts\/231796","targetHints":{"allow":["GET"]}}],"collection":[{"href":"https:\/\/archivio.cercoiltuovolto.it\/index.php?rest_route=\/wp\/v2\/posts"}],"about":[{"href":"https:\/\/archivio.cercoiltuovolto.it\/index.php?rest_route=\/wp\/v2\/types\/post"}],"author":[{"embeddable":true,"href":"https:\/\/archivio.cercoiltuovolto.it\/index.php?rest_route=\/wp\/v2\/users\/3"}],"replies":[{"embeddable":true,"href":"https:\/\/archivio.cercoiltuovolto.it\/index.php?rest_route=%2Fwp%2Fv2%2Fcomments&post=231796"}],"version-history":[{"count":0,"href":"https:\/\/archivio.cercoiltuovolto.it\/index.php?rest_route=\/wp\/v2\/posts\/231796\/revisions"}],"wp:attachment":[{"href":"https:\/\/archivio.cercoiltuovolto.it\/index.php?rest_route=%2Fwp%2Fv2%2Fmedia&parent=231796"}],"wp:term":[{"taxonomy":"category","embeddable":true,"href":"https:\/\/archivio.cercoiltuovolto.it\/index.php?rest_route=%2Fwp%2Fv2%2Fcategories&post=231796"},{"taxonomy":"post_tag","embeddable":true,"href":"https:\/\/archivio.cercoiltuovolto.it\/index.php?rest_route=%2Fwp%2Fv2%2Ftags&post=231796"}],"curies":[{"name":"wp","href":"https:\/\/api.w.org\/{rel}","templated":true}]}}