{"id":231792,"date":"2011-02-16T15:03:06","date_gmt":"2011-02-16T15:03:06","guid":{"rendered":"https:\/\/archivio.cercoiltuovolto.it\/?p=231792"},"modified":"2011-02-16T15:03:06","modified_gmt":"2011-02-16T15:03:06","slug":"commento-al-vangelo-del-20-febbraio-2011-don-domenico-luciani","status":"publish","type":"post","link":"https:\/\/archivio.cercoiltuovolto.it\/?p=231792","title":{"rendered":"Commento al Vangelo del 20 febbraio 2011 &#8211; don Domenico Luciani"},"content":{"rendered":"<p style=\"text-align: center;\">\n<p>Commento al Vangelo della VII Domenica del Tempo Ordinario a cura di don Domenico Luciani della <a href=\"http:\/\/www.sabinasantacroce.org\/\">Parrocchia Santa Croce a Passo Corese<\/a> (RI).<\/p>\n<blockquote style=\"text-align: justify;\">\n<p><em>Mt 5,38-48<\/em><br \/>\n <em>Dal Vangelo secondo\u00a0Matteo<\/em><\/p>\n<p> In quel tempo, Ges\u00f9 disse ai suoi discepoli:<br \/>\n \u00abAvete inteso che fu detto: \u201cOcchio per occhio e dente per dente\u201d. Ma  io vi dico di non opporvi al malvagio; anzi, se uno ti d\u00e0 uno schiaffo  sulla guancia destra, tu p\u00f3rgigli anche l\u2019altra, e a chi vuole portarti  in tribunale e toglierti la tunica, tu lascia anche il mantello. E se  uno ti costringer\u00e0 ad accompagnarlo per un miglio, tu con lui fanne due.  Da\u2019 a chi ti chiede, e a chi desidera da te un prestito non voltare le  spalle.<br \/>\n Avete inteso che fu detto: \u201cAmerai il tuo prossimo e odierai  il tuo nemico\u201d. Ma io vi dico: amate i vostri nemici e pregate per  quelli che vi perseguitano, affinch\u00e9 siate figli del Padre vostro che \u00e8  nei cieli; egli fa sorgere il suo sole sui cattivi e sui buoni, e fa  piovere sui giusti e sugli ingiusti. Infatti, se amate quelli che vi  amano, quale ricompensa ne avete? Non fanno cos\u00ec anche i pubblicani? E  se date il saluto soltanto ai vostri fratelli, che cosa fate di  straordinario? Non fanno cos\u00ec anche i pagani? Voi, dunque, siate  perfetti come \u00e8 perfetto il Padre vostro celeste\u00bb.<\/p>\n<p> C: Parola del Signore.<br \/>\n A: Lode a Te o Cristo.<\/p>\n<\/blockquote>\n<p class=\"podcast\" style=\"text-align: left;\"><a href=\"http:\/\/www.sabinasantacroce.org\/audio\/clip56.mp3\">Scarica il file mp3<\/a><\/p>\n<p class=\"link\" style=\"text-align: left;\"><a href=\"http:\/\/www.youtube.com\/watch?v=drGKCVmX_Ic\">Link al video<\/a><\/p>\n<p class=\"link\">Sito web: <a href=\"http:\/\/www.sabinasantacroce.org\">Parrocchia Santa Croce<\/a><\/p>\n<p><br class=\"spacer_\" \/><\/p>\n","protected":false},"excerpt":{"rendered":"<p>Commento al Vangelo della VII Domenica del Tempo Ordinario a cura di don Domenico Luciani della Parrocchia Santa Croce a Passo Corese (RI). Mt 5,38-48 Dal Vangelo secondo\u00a0Matteo In quel tempo, Ges\u00f9 disse ai suoi discepoli: \u00abAvete inteso che fu detto: \u201cOcchio per occhio e dente per dente\u201d. Ma io vi dico di non opporvi&#8230;<\/p>\n","protected":false},"author":3,"featured_media":0,"comment_status":"closed","ping_status":"closed","sticky":false,"template":"","format":"standard","meta":{"_kad_post_transparent":"","_kad_post_title":"","_kad_post_layout":"","_kad_post_sidebar_id":"","_kad_post_content_style":"","_kad_post_vertical_padding":"","_kad_post_feature":"","_kad_post_feature_position":"","_kad_post_header":false,"_kad_post_footer":false,"_kad_post_classname":"","footnotes":""},"categories":[101,147],"tags":[172,83],"class_list":["post-231792","post","type-post","status-publish","format-standard","hentry","category-101","category-commento-al-vangelo","tag-vangelo-della-domenica","tag-youtube"],"_links":{"self":[{"href":"https:\/\/archivio.cercoiltuovolto.it\/index.php?rest_route=\/wp\/v2\/posts\/231792","targetHints":{"allow":["GET"]}}],"collection":[{"href":"https:\/\/archivio.cercoiltuovolto.it\/index.php?rest_route=\/wp\/v2\/posts"}],"about":[{"href":"https:\/\/archivio.cercoiltuovolto.it\/index.php?rest_route=\/wp\/v2\/types\/post"}],"author":[{"embeddable":true,"href":"https:\/\/archivio.cercoiltuovolto.it\/index.php?rest_route=\/wp\/v2\/users\/3"}],"replies":[{"embeddable":true,"href":"https:\/\/archivio.cercoiltuovolto.it\/index.php?rest_route=%2Fwp%2Fv2%2Fcomments&post=231792"}],"version-history":[{"count":0,"href":"https:\/\/archivio.cercoiltuovolto.it\/index.php?rest_route=\/wp\/v2\/posts\/231792\/revisions"}],"wp:attachment":[{"href":"https:\/\/archivio.cercoiltuovolto.it\/index.php?rest_route=%2Fwp%2Fv2%2Fmedia&parent=231792"}],"wp:term":[{"taxonomy":"category","embeddable":true,"href":"https:\/\/archivio.cercoiltuovolto.it\/index.php?rest_route=%2Fwp%2Fv2%2Fcategories&post=231792"},{"taxonomy":"post_tag","embeddable":true,"href":"https:\/\/archivio.cercoiltuovolto.it\/index.php?rest_route=%2Fwp%2Fv2%2Ftags&post=231792"}],"curies":[{"name":"wp","href":"https:\/\/api.w.org\/{rel}","templated":true}]}}