{"id":231784,"date":"2011-02-11T11:37:45","date_gmt":"2011-02-11T11:37:45","guid":{"rendered":"https:\/\/archivio.cercoiltuovolto.it\/?p=231784"},"modified":"2011-02-11T11:37:45","modified_gmt":"2011-02-11T11:37:45","slug":"commento-al-vangelo-del-13-febbraio-2011-don-giuseppe-fusari","status":"publish","type":"post","link":"https:\/\/archivio.cercoiltuovolto.it\/?p=231784","title":{"rendered":"Commento al Vangelo del 13 febbraio 2011 &#8211; don Giuseppe Fusari"},"content":{"rendered":"<p style=\"text-align: center;\">\n<h2 style=\"text-align: left;\">Guarda il video della lettura del vangelo della settimana e le riflessioni affidate a diversi commentatori.<\/h2>\n<p style=\"text-align: left;\"><strong>VI <\/strong><strong>DOMENICA   DEL TEMPO ORDINARIO<br \/>\n <\/strong><\/p>\n<ul>\n<li><strong> <\/strong><strong>Commento <\/strong>di don Giuseppe Fusari<\/li>\n<li><strong>Lettrice<\/strong> Elena Gianni<\/li>\n<\/ul>\n<blockquote>\n<p>Vangelo Mt 5, 20-22a.27-28.33-34a.37<br \/>\n Cos\u00ec fu detto agli antichi; ma io vi dico.<br \/>\n +Dal Vangelo secondo Matteo<br \/>\n In quel tempo, Ges\u00f9 disse ai suoi discepoli: \u00abIo vi dico: se la vostra giustizia non superer\u00e0 quella degli scribi e dei farisei, non entrerete nel regno dei cieli.<br \/>\n Avete inteso che fu detto agli antichi: &#8220;Non uccidere; chi avr\u00e0 ucciso dovr\u00e0 essere sottoposto al giudizio&#8221;. Ma io vi dico: chiunque si adira con il proprio fratello sar\u00e0 sottoposto al giudizio.<br \/>\n Avete inteso che fu detto: &#8220;Non commettere adulterio&#8221;. Ma io vi dico: chiunque guarda una donna per desiderarla, ha gi\u00e0 commesso adulterio con lei nel suo cuore.<br \/>\n Avete anche inteso che fu detto agli antichi: &#8220;Non spergiurare, ma adempi con il Signore ai tuoi giuramenti&#8221;. Ma io vi dico: non giurate affatto. Sia invece il vostro parlare: &#8220;s\u00ec, s\u00ec&#8221;, &#8220;no, no&#8221;; il di pi\u00f9 viene dal Maligno\u00bb.<\/p>\n<\/blockquote>\n<ul>\n<\/ul>\n<p class=\"link\" style=\"text-align: left;\"><a href=\"http:\/\/www.youtube.com\/watch?v=m256-iU3_dA\">Link al video<\/a><\/p>\n<p class=\"link\"><strong>Fonte del video<\/strong>: Centro Audiovisivi &#8211; La Buona Notizia<\/p>\n","protected":false},"excerpt":{"rendered":"<p>Guarda il video della lettura del vangelo della settimana e le riflessioni affidate a diversi commentatori. VI DOMENICA DEL TEMPO ORDINARIO Commento di don Giuseppe Fusari Lettrice Elena Gianni Vangelo Mt 5, 20-22a.27-28.33-34a.37 Cos\u00ec fu detto agli antichi; ma io vi dico. +Dal Vangelo secondo Matteo In quel tempo, Ges\u00f9 disse ai suoi discepoli: \u00abIo&#8230;<\/p>\n","protected":false},"author":3,"featured_media":0,"comment_status":"closed","ping_status":"closed","sticky":false,"template":"","format":"standard","meta":{"_kad_post_transparent":"","_kad_post_title":"","_kad_post_layout":"","_kad_post_sidebar_id":"","_kad_post_content_style":"","_kad_post_vertical_padding":"","_kad_post_feature":"","_kad_post_feature_position":"","_kad_post_header":false,"_kad_post_footer":false,"_kad_post_classname":"","footnotes":""},"categories":[101,147],"tags":[42,172],"class_list":["post-231784","post","type-post","status-publish","format-standard","hentry","category-101","category-commento-al-vangelo","tag-lettura-del-vangelo","tag-vangelo-della-domenica"],"_links":{"self":[{"href":"https:\/\/archivio.cercoiltuovolto.it\/index.php?rest_route=\/wp\/v2\/posts\/231784","targetHints":{"allow":["GET"]}}],"collection":[{"href":"https:\/\/archivio.cercoiltuovolto.it\/index.php?rest_route=\/wp\/v2\/posts"}],"about":[{"href":"https:\/\/archivio.cercoiltuovolto.it\/index.php?rest_route=\/wp\/v2\/types\/post"}],"author":[{"embeddable":true,"href":"https:\/\/archivio.cercoiltuovolto.it\/index.php?rest_route=\/wp\/v2\/users\/3"}],"replies":[{"embeddable":true,"href":"https:\/\/archivio.cercoiltuovolto.it\/index.php?rest_route=%2Fwp%2Fv2%2Fcomments&post=231784"}],"version-history":[{"count":0,"href":"https:\/\/archivio.cercoiltuovolto.it\/index.php?rest_route=\/wp\/v2\/posts\/231784\/revisions"}],"wp:attachment":[{"href":"https:\/\/archivio.cercoiltuovolto.it\/index.php?rest_route=%2Fwp%2Fv2%2Fmedia&parent=231784"}],"wp:term":[{"taxonomy":"category","embeddable":true,"href":"https:\/\/archivio.cercoiltuovolto.it\/index.php?rest_route=%2Fwp%2Fv2%2Fcategories&post=231784"},{"taxonomy":"post_tag","embeddable":true,"href":"https:\/\/archivio.cercoiltuovolto.it\/index.php?rest_route=%2Fwp%2Fv2%2Ftags&post=231784"}],"curies":[{"name":"wp","href":"https:\/\/api.w.org\/{rel}","templated":true}]}}