{"id":231771,"date":"2011-02-07T12:56:52","date_gmt":"2011-02-07T12:56:52","guid":{"rendered":"https:\/\/archivio.cercoiltuovolto.it\/?p=231771"},"modified":"2011-02-07T12:56:52","modified_gmt":"2011-02-07T12:56:52","slug":"mons-gianfranco-ravasi-le-frontiere-dello-spirito-del-6-febbraio-2011","status":"publish","type":"post","link":"https:\/\/archivio.cercoiltuovolto.it\/?p=231771","title":{"rendered":"mons. Gianfranco Ravasi &#8211; Le Frontiere dello Spirito del 6 febbraio 2011"},"content":{"rendered":"<div style=\"text-align: center;\"><a href=\"http:\/\/www.cercoiltuovolto.it\/wp-content\/uploads\/2011\/01\/ravasi.jpg\"><img loading=\"lazy\" decoding=\"async\" class=\"aligncenter size-large wp-image-16675\" title=\"ravasi\" src=\"http:\/\/www.cercoiltuovolto.it\/wp-content\/uploads\/2011\/01\/ravasi-600x331.jpg\" alt=\"\" width=\"600\" height=\"331\" \/><\/a><\/div>\n<p>Domenica 6 febbraio 2011, alle ore 8.50, nuovo appuntamento con &#8220;Le  Frontiere dello Spirito&#8221;,\u00a0 la rubrica religiosa scritta e condotta da  Maria <strong>Cecilia Sangiorgi <\/strong>e dal cardinale <strong>Gianfranco Ravasi<\/strong>.<br \/>\n <strong>Nella  prima parte<\/strong>, il cardinale Ravasi approfondisce le letture tratte dal  libro del profeta Isa\u00eca e lette &#8211; come sempre\u00a0 &#8211; dai giovani attori del  Piccolo Teatro di Milano: &#8220;Cos\u00ec dice il Signore:<br \/>\n &#8220;Non consiste forse (  il digiuno che voglio) nel dividere il pane con l&#8217;affamato,  nell&#8217;introdurre in casa i miseri, senza tetto, nel vestire uno che vedi  nudo, senza trascurare i tuoi parenti?&#8221;.<br \/>\n Il profeta non dice di fare  l&#8217;elemosina, ma di condividere il pane con chi ha bisogno e di aprire la  nostra casa. Non ci sono n\u00e9 si possono trovare parole pi\u00f9 convincenti.  La luce viene dalla carit\u00e0, dalla misericordia verso il prossimo pi\u00f9  bisognoso. Non si pu\u00f2 sempre delegare agli altri di fronte al bisogno di  molti.<strong><\/strong><\/p>\n<p><strong>La seconda parte del programma<\/strong>, curata da Maria Cecilia  Sangiorgi, \u00e8 dedicata alla libert\u00e0 religiosa. Conosceremo l&#8217;Associazione  Internazionale Oasis, fondata nel 2004 come Centro di studi, dal  cardinale\u00a0 Angelo Scola, Patriarca di Venezia. L&#8217;Associazione ha come  scopo quello di promuovere la reciproca conoscenza e l&#8217;incontro tra  cristiani e musulmani. E il cardinale Scola affronta proprio questo tema  nell&#8217;intervista concessa a &#8220;Frontiere&#8221;.<\/p>\n<p class=\"video-link\" style=\"text-align: justify;\"><a href=\"http:\/\/www.video.mediaset.it\/video\/frontiere_dello_spirito\/full\/208100\/puntata-del-6-febbraio.html\">Guarda il video sul sito Mediaset<\/a><\/p>\n","protected":false},"excerpt":{"rendered":"<p>Domenica 6 febbraio 2011, alle ore 8.50, nuovo appuntamento con &#8220;Le Frontiere dello Spirito&#8221;,\u00a0 la rubrica religiosa scritta e condotta da Maria Cecilia Sangiorgi e dal cardinale Gianfranco Ravasi. Nella prima parte, il cardinale Ravasi approfondisce le letture tratte dal libro del profeta Isa\u00eca e lette &#8211; come sempre\u00a0 &#8211; dai giovani attori del Piccolo&#8230;<\/p>\n","protected":false},"author":3,"featured_media":0,"comment_status":"closed","ping_status":"closed","sticky":false,"template":"","format":"standard","meta":{"_kad_post_transparent":"","_kad_post_title":"","_kad_post_layout":"","_kad_post_sidebar_id":"","_kad_post_content_style":"","_kad_post_vertical_padding":"","_kad_post_feature":"","_kad_post_feature_position":"","_kad_post_header":false,"_kad_post_footer":false,"_kad_post_classname":"","footnotes":""},"categories":[101,157],"tags":[339,24,113],"class_list":["post-231771","post","type-post","status-publish","format-standard","hentry","category-101","category-bibbia","tag-isaia","tag-televisione","tag-video"],"_links":{"self":[{"href":"https:\/\/archivio.cercoiltuovolto.it\/index.php?rest_route=\/wp\/v2\/posts\/231771","targetHints":{"allow":["GET"]}}],"collection":[{"href":"https:\/\/archivio.cercoiltuovolto.it\/index.php?rest_route=\/wp\/v2\/posts"}],"about":[{"href":"https:\/\/archivio.cercoiltuovolto.it\/index.php?rest_route=\/wp\/v2\/types\/post"}],"author":[{"embeddable":true,"href":"https:\/\/archivio.cercoiltuovolto.it\/index.php?rest_route=\/wp\/v2\/users\/3"}],"replies":[{"embeddable":true,"href":"https:\/\/archivio.cercoiltuovolto.it\/index.php?rest_route=%2Fwp%2Fv2%2Fcomments&post=231771"}],"version-history":[{"count":0,"href":"https:\/\/archivio.cercoiltuovolto.it\/index.php?rest_route=\/wp\/v2\/posts\/231771\/revisions"}],"wp:attachment":[{"href":"https:\/\/archivio.cercoiltuovolto.it\/index.php?rest_route=%2Fwp%2Fv2%2Fmedia&parent=231771"}],"wp:term":[{"taxonomy":"category","embeddable":true,"href":"https:\/\/archivio.cercoiltuovolto.it\/index.php?rest_route=%2Fwp%2Fv2%2Fcategories&post=231771"},{"taxonomy":"post_tag","embeddable":true,"href":"https:\/\/archivio.cercoiltuovolto.it\/index.php?rest_route=%2Fwp%2Fv2%2Ftags&post=231771"}],"curies":[{"name":"wp","href":"https:\/\/api.w.org\/{rel}","templated":true}]}}