{"id":231763,"date":"2011-02-06T20:36:09","date_gmt":"2011-02-06T20:36:09","guid":{"rendered":"https:\/\/archivio.cercoiltuovolto.it\/?p=231763"},"modified":"2011-02-06T20:36:09","modified_gmt":"2011-02-06T20:36:09","slug":"benedetto-xvi-angelus-del-6-febbraio-2011-in-mp3","status":"publish","type":"post","link":"https:\/\/archivio.cercoiltuovolto.it\/?p=231763","title":{"rendered":"Benedetto XVI &#8211; Angelus del 6 febbraio 2011 in mp3"},"content":{"rendered":"<blockquote>\n<p style=\"text-align: center;\">\n<p><em>Cari fratelli e sorelle!<\/em><\/p>\n<p>Nel Vangelo di questa domenica il Signore Ges\u00f9 dice ai suoi discepoli:  \u201cVoi siete il sale della terra \u2026 Voi siete la luce del mondo\u201d (<em>Mt<\/em> 5,13.14). Mediante queste immagini ricche di significato, Egli vuole trasmettere  ad essi il senso della loro missione e della loro testimonianza. Il sale, nella  cultura mediorientale, evoca diversi valori quali l\u2019alleanza, la solidariet\u00e0, la  vita e la sapienza. La luce \u00e8 la prima opera di Dio Creatore ed \u00e8 fonte della  vita; la stessa Parola di Dio \u00e8 paragonata alla luce, come proclama il salmista:  \u201cLampada per i miei passi \u00e8 la tua parola, luce sul mio cammino\u201d (<em>Sal<\/em> 119,105). E sempre nella Liturgia odierna il profeta Isaia dice: \u201cSe aprirai il  tuo cuore all\u2019affamato, se sazierai l\u2019afflitto di cuore, allora briller\u00e0 fra le  tenebre la tua luce, la tua tenebra sar\u00e0 come il meriggio\u201d (58,10). La sapienza  riassume in s\u00e9 gli effetti benefici del sale e della luce: infatti, i discepoli  del Signore sono chiamati a donare nuovo \u201csapore\u201d al mondo, e a preservarlo  dalla corruzione, con la sapienza di Dio, che risplende pienamente sul volto del  Figlio, perch\u00e9 Egli \u00e8 la \u201cluce vera che illumina ogni uomo\u201d (<em>Gv<\/em> 1,9).  Uniti a Lui, i cristiani possono diffondere in mezzo alle tenebre  dell\u2019indifferenza e dell\u2019egoismo la luce dell\u2019amore di Dio, vera sapienza che  dona significato all\u2019esistenza e all\u2019agire degli uomini.<\/p>\n<p>Il prossimo 11 febbraio, memoria della Beata Vergine di Lourdes,  celebreremo  la Giornata Mondiale del Malato. Essa \u00e8 occasione propizia per riflettere, per pregare e per  accrescere la sensibilit\u00e0 delle comunit\u00e0 ecclesiali e della societ\u00e0 civile verso  i fratelli e le sorelle malati. Nel  <a href=\"http:\/\/www.vatican.va\/holy_father\/benedict_xvi\/messages\/sick\/documents\/hf_ben-xvi_mes_20101121_world-day-of-the-sick-2011_it.html\">Messaggio per questa Giornata<\/a>, ispirato ad  una espressione della <em>Prima Lettera di Pietro<\/em>: \u201cDalle sue piaghe siete  stati guariti\u201d (2,24), invito tutti a contemplare Ges\u00f9, il Figlio di Dio, il  quale ha sofferto, \u00e8 morto, ma \u00e8 risorto. Dio si oppone radicalmente alla  prepotenza del male. Il Signore si prende cura dell\u2019uomo in ogni situazione,  condivide la sofferenza e apre il cuore alla speranza. Esorto, pertanto tutti  gli operatori sanitari a riconoscere nell\u2019ammalato non solo un corpo segnato  dalla fragilit\u00e0, ma prima di tutto una persona, alla quale donare tutta la  solidariet\u00e0 e offrire risposte adeguate e competenti. In questo contesto  ricordo, inoltre, che oggi ricorre in Italia la \u201cGiornata per la vita\u201d. Auspico  che tutti si impegnino per far crescere la cultura della vita, per mettere al  centro, in ogni circostanza, il valore dell\u2019essere umano. Secondo la fede e la  ragione la dignit\u00e0 della persona \u00e8 irriducibile alle sue facolt\u00e0 o alle capacit\u00e0  che pu\u00f2 manifestare, e pertanto non viene meno quando la persona stessa \u00e8  debole, invalida e bisognosa di aiuto.<\/p>\n<p>Cari fratelli e sorelle, invochiamo la materna intercessione della Vergine Maria,  affinch\u00e9 i genitori, i nonni, gli insegnanti, i sacerdoti e quanti sono  impegnati nell\u2019educazione possano formare le giovani generazioni alla sapienza  del cuore, perch\u00e9 raggiungano la pienezza della vita.<\/p>\n<p><strong>Dopo l&#8217;Angelus:<\/strong><\/p>\n<p>Cari Fratelli e Sorelle, <br \/>\n in questi giorni, seguo con attenzione la delicata situazione della cara Nazione  egiziana. Chiedo a Dio che quella Terra, benedetta dalla presenza della Santa  Famiglia, ritrovi la tranquillit\u00e0 e la pacifica convivenza, nell\u2019impegno  condiviso per il bene comune.<\/p>\n<p>Rivolgo un cordiale saluto alle delegazioni delle Facolt\u00e0 di Medicina e  Chirurgia delle Universit\u00e0 di Roma, accompagnate dal Cardinale Vicario, in  occasione del convegno promosso dai Dipartimenti di Ginecologia e Ostetricia sul  tema dell\u2019assistenza sanitaria nella gravidanza. Quando la ricerca scientifica e  tecnologica \u00e8 guidata da autentici valori etici \u00e8 possibile trovare soluzioni  adeguate per l\u2019accoglienza della vita nascente e per la promozione della  maternit\u00e0. Auspico che le nuove generazioni di sanitari siano portatrici di una  rinnovata cultura della vita.<\/p>\n<ul>\n<li><a href=\"http:\/\/www.vatican.va\/holy_father\/benedict_xvi\/angelus\/2011\/documents\/hf_ben-xvi_ang_20110206_it.html\">Leggi tutto il messaggio<\/a> <em>\u00a9 Copyright 2011 &#8211; Libreria  Editrice Vaticana<\/em><\/li>\n<\/ul>\n<\/blockquote>\n<div class=\"powerpressbox\">[powerpress]<\/div>\n<p style=\"text-align: justify;\"><strong>Fonte<\/strong>: Radio Vaticana via FeedRss<\/p>\n<blockquote>\n<p style=\"text-align: justify;\"><span style=\"font-size: xx-small;\"><em>(The content of this podcast is copyrighted by Vatican Radio which, according to  its statute, is entrusted to manage and protect the sound recordings of the  Roman Pontiff, ensuring that their pastoral character and intellectual  property&#8217;s rights are protected when used by third parties. The content of this  podcast is made available only for personal and private use and cannot be  exploited for commercial purposes, without prior written authorization by  Vatican Radio. For further information, please contact the International  Relation Office at relint@vatiradio.va)<\/em><\/span><\/p>\n<\/blockquote>\n","protected":false},"excerpt":{"rendered":"<p>Cari fratelli e sorelle! Nel Vangelo di questa domenica il Signore Ges\u00f9 dice ai suoi discepoli: \u201cVoi siete il sale della terra \u2026 Voi siete la luce del mondo\u201d (Mt 5,13.14). Mediante queste immagini ricche di significato, Egli vuole trasmettere ad essi il senso della loro missione e della loro testimonianza. Il sale, nella cultura&#8230;<\/p>\n","protected":false},"author":3,"featured_media":0,"comment_status":"closed","ping_status":"closed","sticky":false,"template":"","format":"standard","meta":{"_kad_post_transparent":"","_kad_post_title":"","_kad_post_layout":"","_kad_post_sidebar_id":"","_kad_post_content_style":"","_kad_post_vertical_padding":"","_kad_post_feature":"","_kad_post_feature_position":"","_kad_post_header":false,"_kad_post_footer":false,"_kad_post_classname":"","footnotes":""},"categories":[101,114],"tags":[73,9],"class_list":["post-231763","post","type-post","status-publish","format-standard","hentry","category-101","category-angelus","tag-benedetto-xvi","tag-vaticano"],"_links":{"self":[{"href":"https:\/\/archivio.cercoiltuovolto.it\/index.php?rest_route=\/wp\/v2\/posts\/231763","targetHints":{"allow":["GET"]}}],"collection":[{"href":"https:\/\/archivio.cercoiltuovolto.it\/index.php?rest_route=\/wp\/v2\/posts"}],"about":[{"href":"https:\/\/archivio.cercoiltuovolto.it\/index.php?rest_route=\/wp\/v2\/types\/post"}],"author":[{"embeddable":true,"href":"https:\/\/archivio.cercoiltuovolto.it\/index.php?rest_route=\/wp\/v2\/users\/3"}],"replies":[{"embeddable":true,"href":"https:\/\/archivio.cercoiltuovolto.it\/index.php?rest_route=%2Fwp%2Fv2%2Fcomments&post=231763"}],"version-history":[{"count":0,"href":"https:\/\/archivio.cercoiltuovolto.it\/index.php?rest_route=\/wp\/v2\/posts\/231763\/revisions"}],"wp:attachment":[{"href":"https:\/\/archivio.cercoiltuovolto.it\/index.php?rest_route=%2Fwp%2Fv2%2Fmedia&parent=231763"}],"wp:term":[{"taxonomy":"category","embeddable":true,"href":"https:\/\/archivio.cercoiltuovolto.it\/index.php?rest_route=%2Fwp%2Fv2%2Fcategories&post=231763"},{"taxonomy":"post_tag","embeddable":true,"href":"https:\/\/archivio.cercoiltuovolto.it\/index.php?rest_route=%2Fwp%2Fv2%2Ftags&post=231763"}],"curies":[{"name":"wp","href":"https:\/\/api.w.org\/{rel}","templated":true}]}}