{"id":231752,"date":"2011-02-03T20:39:56","date_gmt":"2011-02-03T20:39:56","guid":{"rendered":"https:\/\/archivio.cercoiltuovolto.it\/?p=231752"},"modified":"2011-02-03T20:39:56","modified_gmt":"2011-02-03T20:39:56","slug":"commento-al-vangelo-del-6-gennaio-2011-don-mauro-pozzi","status":"publish","type":"post","link":"https:\/\/archivio.cercoiltuovolto.it\/?p=231752","title":{"rendered":"Commento al Vangelo del 6 gennaio 2011 &#8211; don Mauro Pozzi"},"content":{"rendered":"<p style=\"text-align: justify;\">Il commento al Vangelo della domenica a cura di don Mauro Pozzi parroco della Parrocchia S. Giovanni Battista, Novara.<\/p>\n<blockquote>\n<p><strong>SALE E LUCE <\/strong><\/p>\n<p>Essere cristiani non \u00e8 solo un fatto intellettuale, ma \u00e8 una vita da vivere. Ci\u00f2 che una persona \u00e8, appare dal suo modo di agire. \u00c8 quello che dice il Signore per bocca del profeta Isaia: il digiuno che voglio \u00e8 essere attenti al prossimo. Una religiosit\u00e0 esteriore, che si preoccupa della forma, \u00e8 sterile. \u00c8 come una bella facciata che nasconde un edificio fatiscente. Ges\u00f9 accusava proprio di questo i farisei chiamandoli sepolcri imbiancati, cio\u00e8 esteriormente puri, ma pieni di marciume all\u2019interno. Non ci deve essere differenza tra pubblico e privato, tra ci\u00f2 che facciamo apparire di noi e quello che in realt\u00e0 siamo. La verit\u00e0 prima o poi viene alla luce distruggendo la facciata fasulla e mettendo in mostra la realt\u00e0. La storia ci presenta una serie infinita di personaggi che hanno ostentato onest\u00e0 e moralit\u00e0 e che il tempo ha smascherato. Per essere autentici non servono gradi gesti, ma l\u2019attenzione alle piccole cose. Chi sa amare il prossimo \u00e8 luminoso come l\u2019aurora, dice sempre Isaia, cammina preceduto dalla giustizia e seguito dalla gloria del Signore, le sue preghiere sono esaudite e le sue ferite rimarginate. Si diventa santi vivendo il quotidiano. S. Teresa di Lisieux \u00e8 Patrona della Francia. Si potrebbe pensare che ha fatto chiss\u00e0 che cosa per meritarselo, mentre sappiamo che \u00e8 morta a 24 anni in clausura. \u00c8 diventata santa vivendo intensamente il suo rapporto con Dio nella preghiera e nei sacramenti, e amando le sue consorelle. Niente di pi\u00f9. Questo ci chiede Ges\u00f9 invitandoci ad essere sale e luce. Il Maestro si serve di immagini molto immediate e facili da comprendere. Basta un pizzico di sale per dar sapore a tutta la pietanza; una sola candela fa emergere dal buio una stanza intera. \u00c8 questo che ci viene domandato, non di fare cose straordinarie, ma di vivere bene l\u2019ordinario. Il sale insipido vale come la sabbia che si calpesta. Una luce nascosta non serve a nessuno. Un gesto di solidariet\u00e0, un segno di attenzione possono significare molto in un mondo che pensa solo al profitto. Essere cristiani \u00e8 una responsabilit\u00e0. Diamo il buon esempio!<\/p>\n<\/blockquote>\n<p class=\"link\"><a href=\"http:\/\/www.youtube.com\/watch?v=19kkYyAF7I4\"> Link al video<\/a><\/p>\n","protected":false},"excerpt":{"rendered":"<p>Il commento al Vangelo della domenica a cura di don Mauro Pozzi parroco della Parrocchia S. Giovanni Battista, Novara. SALE E LUCE Essere cristiani non \u00e8 solo un fatto intellettuale, ma \u00e8 una vita da vivere. Ci\u00f2 che una persona \u00e8, appare dal suo modo di agire. \u00c8 quello che dice il Signore per bocca&#8230;<\/p>\n","protected":false},"author":3,"featured_media":0,"comment_status":"closed","ping_status":"closed","sticky":false,"template":"","format":"standard","meta":{"_kad_post_transparent":"","_kad_post_title":"","_kad_post_layout":"","_kad_post_sidebar_id":"","_kad_post_content_style":"","_kad_post_vertical_padding":"","_kad_post_feature":"","_kad_post_feature_position":"","_kad_post_header":false,"_kad_post_footer":false,"_kad_post_classname":"","footnotes":""},"categories":[101,147],"tags":[388,172,83],"class_list":["post-231752","post","type-post","status-publish","format-standard","hentry","category-101","category-commento-al-vangelo","tag-don-mauro-pozzi","tag-vangelo-della-domenica","tag-youtube"],"_links":{"self":[{"href":"https:\/\/archivio.cercoiltuovolto.it\/index.php?rest_route=\/wp\/v2\/posts\/231752","targetHints":{"allow":["GET"]}}],"collection":[{"href":"https:\/\/archivio.cercoiltuovolto.it\/index.php?rest_route=\/wp\/v2\/posts"}],"about":[{"href":"https:\/\/archivio.cercoiltuovolto.it\/index.php?rest_route=\/wp\/v2\/types\/post"}],"author":[{"embeddable":true,"href":"https:\/\/archivio.cercoiltuovolto.it\/index.php?rest_route=\/wp\/v2\/users\/3"}],"replies":[{"embeddable":true,"href":"https:\/\/archivio.cercoiltuovolto.it\/index.php?rest_route=%2Fwp%2Fv2%2Fcomments&post=231752"}],"version-history":[{"count":0,"href":"https:\/\/archivio.cercoiltuovolto.it\/index.php?rest_route=\/wp\/v2\/posts\/231752\/revisions"}],"wp:attachment":[{"href":"https:\/\/archivio.cercoiltuovolto.it\/index.php?rest_route=%2Fwp%2Fv2%2Fmedia&parent=231752"}],"wp:term":[{"taxonomy":"category","embeddable":true,"href":"https:\/\/archivio.cercoiltuovolto.it\/index.php?rest_route=%2Fwp%2Fv2%2Fcategories&post=231752"},{"taxonomy":"post_tag","embeddable":true,"href":"https:\/\/archivio.cercoiltuovolto.it\/index.php?rest_route=%2Fwp%2Fv2%2Ftags&post=231752"}],"curies":[{"name":"wp","href":"https:\/\/api.w.org\/{rel}","templated":true}]}}