{"id":231749,"date":"2011-02-02T15:08:55","date_gmt":"2011-02-02T15:08:55","guid":{"rendered":"https:\/\/archivio.cercoiltuovolto.it\/?p=231749"},"modified":"2011-02-02T15:08:55","modified_gmt":"2011-02-02T15:08:55","slug":"riflessione-sul-vangelo-v-domenica-del-t-o-anno-a-6-febbraio-2011","status":"publish","type":"post","link":"https:\/\/archivio.cercoiltuovolto.it\/?p=231749","title":{"rendered":"Riflessione sul Vangelo: V domenica del T. O. (anno A) &#8211; 6 febbraio 2011"},"content":{"rendered":"<p style=\"text-align: center;\">\n<p style=\"text-align: justify;\">&#8220;<em>La Parola di Dio<\/em>&#8220;, canale YouTube del prolifico Don Mauro di <a href=\"http:\/\/www.graficapastorale.it\"><strong>graficapastorale.it<\/strong><\/a>, propone una riflessione sul brano del Vangelo di domenica prossima<strong>, <em>Mt 5, 13-16<\/em><\/strong><strong>.<\/strong><\/p>\n<blockquote style=\"text-align: justify;\">\n<p><em>Dal Vangelo secondo\u00a0Matteo<\/em><\/p>\n<p> In  quel tempo, Ges\u00f9 disse ai suoi discepoli: \u201cVoi siete il sale della  terra; ma se il sale perdesse il sapore, con che cosa lo si potr\u00e0 render  salato? A null\u2019altro serve che ad essere gettato via e calpestato dagli  uomini.<br \/>\n Voi siete la luce del mondo; non pu\u00f2 restare nascosta una  citt\u00e0 collocata sopra un monte, n\u00e9 si accende una lucerna per metterla  sotto il moggio, ma sopra il lucerniere perch\u00e9 faccia luce a tutti  quelli che sono nella casa.<br \/>\n Cos\u00ec risplenda la vostra luce davanti  agli uomini, perch\u00e9 vedano le vostre opere buone e rendano gloria al  vostro Padre che \u00e8 nei cieli\u201d.<\/p>\n<p> C: Parola del Signore.<br \/>\n A: Lode a Te o Cristo.<\/p>\n<\/blockquote>\n<p class=\"link\"><a href=\"http:\/\/www.youtube.com\/watch?v=sCG_OH7W8_g&amp;feature=youtube_gdata\">Link al Video<\/a><\/p>\n","protected":false},"excerpt":{"rendered":"<p>&#8220;La Parola di Dio&#8220;, canale YouTube del prolifico Don Mauro di graficapastorale.it, propone una riflessione sul brano del Vangelo di domenica prossima, Mt 5, 13-16. Dal Vangelo secondo\u00a0Matteo In quel tempo, Ges\u00f9 disse ai suoi discepoli: \u201cVoi siete il sale della terra; ma se il sale perdesse il sapore, con che cosa lo si potr\u00e0&#8230;<\/p>\n","protected":false},"author":3,"featured_media":0,"comment_status":"closed","ping_status":"closed","sticky":false,"template":"","format":"standard","meta":{"_kad_post_transparent":"","_kad_post_title":"","_kad_post_layout":"","_kad_post_sidebar_id":"","_kad_post_content_style":"","_kad_post_vertical_padding":"","_kad_post_feature":"","_kad_post_feature_position":"","_kad_post_header":false,"_kad_post_footer":false,"_kad_post_classname":"","footnotes":""},"categories":[101,147],"tags":[172,83],"class_list":["post-231749","post","type-post","status-publish","format-standard","hentry","category-101","category-commento-al-vangelo","tag-vangelo-della-domenica","tag-youtube"],"_links":{"self":[{"href":"https:\/\/archivio.cercoiltuovolto.it\/index.php?rest_route=\/wp\/v2\/posts\/231749","targetHints":{"allow":["GET"]}}],"collection":[{"href":"https:\/\/archivio.cercoiltuovolto.it\/index.php?rest_route=\/wp\/v2\/posts"}],"about":[{"href":"https:\/\/archivio.cercoiltuovolto.it\/index.php?rest_route=\/wp\/v2\/types\/post"}],"author":[{"embeddable":true,"href":"https:\/\/archivio.cercoiltuovolto.it\/index.php?rest_route=\/wp\/v2\/users\/3"}],"replies":[{"embeddable":true,"href":"https:\/\/archivio.cercoiltuovolto.it\/index.php?rest_route=%2Fwp%2Fv2%2Fcomments&post=231749"}],"version-history":[{"count":0,"href":"https:\/\/archivio.cercoiltuovolto.it\/index.php?rest_route=\/wp\/v2\/posts\/231749\/revisions"}],"wp:attachment":[{"href":"https:\/\/archivio.cercoiltuovolto.it\/index.php?rest_route=%2Fwp%2Fv2%2Fmedia&parent=231749"}],"wp:term":[{"taxonomy":"category","embeddable":true,"href":"https:\/\/archivio.cercoiltuovolto.it\/index.php?rest_route=%2Fwp%2Fv2%2Fcategories&post=231749"},{"taxonomy":"post_tag","embeddable":true,"href":"https:\/\/archivio.cercoiltuovolto.it\/index.php?rest_route=%2Fwp%2Fv2%2Ftags&post=231749"}],"curies":[{"name":"wp","href":"https:\/\/api.w.org\/{rel}","templated":true}]}}