{"id":231729,"date":"2011-01-27T08:59:17","date_gmt":"2011-01-27T08:59:17","guid":{"rendered":"https:\/\/archivio.cercoiltuovolto.it\/?p=231729"},"modified":"2011-01-27T08:59:17","modified_gmt":"2011-01-27T08:59:17","slug":"udienza-generale-del-santo-padre-in-mp3-26-gennaio-2011-santa-giovanna-darco","status":"publish","type":"post","link":"https:\/\/archivio.cercoiltuovolto.it\/?p=231729","title":{"rendered":"&#8220;Udienza Generale&#8221; del Santo Padre in mp3 &#8211; 26 gennaio 2011 &#8211; Santa Giovanna d&#8217;Arco"},"content":{"rendered":"<p style=\"text-align: center;\"><a href=\"http:\/\/www.cercoiltuovolto.it\/wp-content\/uploads\/2011\/01\/udienza.jpg\"><img loading=\"lazy\" decoding=\"async\" class=\"aligncenter size-full wp-image-16441\" title=\"udienza\" src=\"http:\/\/www.cercoiltuovolto.it\/wp-content\/uploads\/2011\/01\/udienza.jpg\" alt=\"\" width=\"476\" height=\"132\" \/><\/a><\/p>\n<blockquote>\n<p><strong><em>Santa Giovanna d&#8217;Arco<\/em><\/strong><\/p>\n<p><em>Cari fratelli e sorelle,<\/em><\/p>\n<p>oggi vorrei parlarvi di Giovanna d&#8217;Arco, una giovane santa della fine del  Medioevo, morta a 19 anni, nel 1431. Questa santa francese, citata pi\u00f9 volte nel <em>Catechismo della Chiesa Cattolica<\/em>, \u00e8 particolarmente vicina a santa  Caterina da Siena, patrona d&#8217;Italia e d&#8217;Europa, di cui ho parlato in una  <a href=\"http:\/\/www.vatican.va\/holy_father\/benedict_xvi\/audiences\/2010\/documents\/hf_ben-xvi_aud_20101124_it.html\">recente  catechesi<\/a>. Sono infatti due giovani donne del popolo, laiche e consacrate nella  verginit\u00e0; due mistiche impegnate, non nel chiostro, ma in mezzo alle realt\u00e0 pi\u00f9  drammatiche della Chiesa e del mondo del loro tempo. Sono forse le figure pi\u00f9  caratteristiche di quelle \u201cdonne forti\u201d che, alla fine del Medioevo, portarono  senza paura la grande luce del Vangelo nelle complesse vicende della storia.  Potremmo accostarle alle sante donne che rimasero sul Calvario, vicino a Ges\u00f9  crocifisso e a Maria sua Madre, mentre gli Apostoli erano fuggiti e lo stesso  Pietro lo aveva rinnegato tre volte. La Chiesa, in quel periodo, viveva la  profonda crisi del grande scisma d&#8217;Occidente, durato quasi 40 anni. Quando  Caterina da Siena muore, nel 1380, ci sono un Papa e un Antipapa; quando  Giovanna nasce, nel 1412, ci sono un Papa e due Antipapa. Insieme a questa  lacerazione all&#8217;interno della Chiesa, vi erano continue guerre fratricide tra i  popoli cristiani d&#8217;Europa, la pi\u00f9 drammatica delle quali fu l&#8217;interminabile  \u201cGuerra dei cent\u2019anni\u201d tra Francia e Inghilterra.<\/p>\n<ul>\n<li><a href=\"http:\/\/www.vatican.va\/holy_father\/benedict_xvi\/audiences\/2011\/documents\/hf_ben-xvi_aud_20110126_it.html\">Leggi tutto il messaggio<\/a> <em>\u00a9 Copyright 2010 &#8211; Libreria  Editrice Vaticana<\/em><\/li>\n<li>Link al video ufficiale (richiede Apple Quick Time)<\/li>\n<\/ul>\n<\/blockquote>\n<div class=\"powerpressbox\">[powerpress]<\/div>\n<p class=\"link\" style=\"text-align: justify;\"><strong>Fonte<\/strong>: Radio Vaticana via FeedRss<\/p>\n<p><span style=\"font-size: xx-small;\"><em>(The content of this podcast is copyrighted by Vatican Radio which, according to  its statute, is entrusted to manage and protect the sound recordings of the  Roman Pontiff, ensuring that their pastoral character and intellectual  property&#8217;s rights are protected when used by third parties. The content of this  podcast is made available only for personal and private use and cannot be  exploited for commercial purposes, without prior written authorization by  Vatican Radio. For further information, please contact the International  Relation Office at relint@vatiradio.va)<\/em><\/span><\/p>\n","protected":false},"excerpt":{"rendered":"<p>Santa Giovanna d&#8217;Arco Cari fratelli e sorelle, oggi vorrei parlarvi di Giovanna d&#8217;Arco, una giovane santa della fine del Medioevo, morta a 19 anni, nel 1431. Questa santa francese, citata pi\u00f9 volte nel Catechismo della Chiesa Cattolica, \u00e8 particolarmente vicina a santa Caterina da Siena, patrona d&#8217;Italia e d&#8217;Europa, di cui ho parlato in una&#8230;<\/p>\n","protected":false},"author":3,"featured_media":0,"comment_status":"closed","ping_status":"closed","sticky":false,"template":"","format":"standard","meta":{"_kad_post_transparent":"","_kad_post_title":"","_kad_post_layout":"","_kad_post_sidebar_id":"","_kad_post_content_style":"","_kad_post_vertical_padding":"","_kad_post_feature":"","_kad_post_feature_position":"","_kad_post_header":false,"_kad_post_footer":false,"_kad_post_classname":"","footnotes":""},"categories":[101,127],"tags":[65,9],"class_list":["post-231729","post","type-post","status-publish","format-standard","hentry","category-101","category-benedetto-xvi","tag-udienza-generale","tag-vaticano"],"_links":{"self":[{"href":"https:\/\/archivio.cercoiltuovolto.it\/index.php?rest_route=\/wp\/v2\/posts\/231729","targetHints":{"allow":["GET"]}}],"collection":[{"href":"https:\/\/archivio.cercoiltuovolto.it\/index.php?rest_route=\/wp\/v2\/posts"}],"about":[{"href":"https:\/\/archivio.cercoiltuovolto.it\/index.php?rest_route=\/wp\/v2\/types\/post"}],"author":[{"embeddable":true,"href":"https:\/\/archivio.cercoiltuovolto.it\/index.php?rest_route=\/wp\/v2\/users\/3"}],"replies":[{"embeddable":true,"href":"https:\/\/archivio.cercoiltuovolto.it\/index.php?rest_route=%2Fwp%2Fv2%2Fcomments&post=231729"}],"version-history":[{"count":0,"href":"https:\/\/archivio.cercoiltuovolto.it\/index.php?rest_route=\/wp\/v2\/posts\/231729\/revisions"}],"wp:attachment":[{"href":"https:\/\/archivio.cercoiltuovolto.it\/index.php?rest_route=%2Fwp%2Fv2%2Fmedia&parent=231729"}],"wp:term":[{"taxonomy":"category","embeddable":true,"href":"https:\/\/archivio.cercoiltuovolto.it\/index.php?rest_route=%2Fwp%2Fv2%2Fcategories&post=231729"},{"taxonomy":"post_tag","embeddable":true,"href":"https:\/\/archivio.cercoiltuovolto.it\/index.php?rest_route=%2Fwp%2Fv2%2Ftags&post=231729"}],"curies":[{"name":"wp","href":"https:\/\/api.w.org\/{rel}","templated":true}]}}