{"id":231711,"date":"2011-01-21T10:29:18","date_gmt":"2011-01-21T10:29:18","guid":{"rendered":"https:\/\/archivio.cercoiltuovolto.it\/?p=231711"},"modified":"2011-01-21T10:29:18","modified_gmt":"2011-01-21T10:29:18","slug":"uomini-e-profeti-leggere-la-bibbia-deuteronomio-capitoli-5-11-ascolta-israele","status":"publish","type":"post","link":"https:\/\/archivio.cercoiltuovolto.it\/?p=231711","title":{"rendered":"Uomini e Profeti: Leggere la Bibbia \u2013 Deuteronomio: capitoli 5-11 Ascolta, Israele"},"content":{"rendered":"<p style=\"text-align: center;\"><a href=\"http:\/\/www.cercoiltuovolto.it\/wp-content\/uploads\/2011\/01\/Ascolta-Israele.jpg\"><img loading=\"lazy\" decoding=\"async\" class=\"aligncenter size-large wp-image-16600\" title=\"Ascolta, Israele\" src=\"http:\/\/www.cercoiltuovolto.it\/wp-content\/uploads\/2011\/01\/Ascolta-Israele-600x382.jpg\" alt=\"\" width=\"600\" height=\"382\" \/><\/a><\/p>\n<p><strong><em>Deuteronomio capitoli 5-11 Ascolta, Israele &#8211; con Piero Stefani<\/em><\/strong><\/p>\n<p>Domenica 9 gennaio 2011<\/p>\n<p>\u201cAscolta,  Israele, il Signore, Dio nostro, il Signore \u00e8 uno\u2026\u201d Cos\u00ec inizia lo  Shem\u00e0 Israel, la preghiera fondamentale di ogni ebreo in ogni luogo del  mondo e in ogni tempo. La sua formulazione compiuta si trova nel libro  del Deuteronomio, al capitolo 6 e al capitolo 11, ed \u00e8 la stessa che  verr\u00e0 ripresa da Ges\u00f9 nel vangelo di Marco (12,28-34) per rispondere  alle provocazioni degli scribi. Ma qual \u00e8 il senso di questa preghiera? \u00c8  stata chiamata il \u201ccredo\u201d di Israele. Ma in realt\u00e0 non vediamo  affermata nessuna credenza: soltanto un richiamo all\u2019ascolto di una voce  profonda, che chiede di \u201cscegliere la vita\u201d (30,19) rigettando il male.  Tutto il libro del Deuteronomio \u2013 lo vedremo con Piero Stefani  che ci guida in questa puntata \u2013 \u00e8 un libro \u201csul confine\u201d. Sul confine  del Giordano prima di entrare nella terra \u201cdove scorre latte e miele\u201d,  ma anche sul confine del tempo: tra un presente memore del passato e in  attesa di un futuro. Ma \u00e8 anche il libro dove si fonda pi\u00f9 chiaramente  il tema della \u201celezione\u201d di Israele. Con i problemi che trascina con s\u00e9.  Perch\u00e9 il Signore sceglie un popolo tra gli altri? Non \u00e8 il Signore di  tutti i popoli? E perch\u00e9 sceglie proprio Israele? E quel sar\u00e0 il  rapporto tra Israele e gli altri popoli? E perch\u00e9 per la predilezione di  Israele vota allo sterminio i popoli che gli stanno attorno? Quali  terribili conseguenze \u2013 per Israele stesso \u2013\u00a0 avr\u00e0 questo nella storia?<\/p>\n<p style=\"text-align: justify;\">\u00a0<\/p>\n<div class=\"powerpressbox\" style=\"text-align: justify;\">[powerpress]<\/div>\n<p class=\"link\" style=\"text-align: justify;\">Fonte: <a href=\"http:\/\/www.radio3.rai.it\/dl\/radio3\/programmi\/puntata\/ContentItem-26ff9919-cc03-4d6e-9b20-6e8af59e038e.html\">Radio Rai 3 &#8211; file real media<\/a><\/p>\n<p class=\"ascolta\" style=\"text-align: justify;\"><a href=\"http:\/\/cid-7e678cf4a2bd73de.office.live.com\/browse.aspx\/.Public\/Radio%20Rai\/Lettura%20della%20Bibbia%202010%20-%20Uomini%20e%20Profeti%20-%20Radio%20Rai%203\" target=\"_blank\">Mirror per il file mp3<\/a> (<span style=\"font-size: x-small;\"><em><span style=\"color: #ff0000;\">in caso di mancato funzionamento del podcast RAI<\/span><\/em><\/span>)<\/p>\n<p style=\"text-align: justify;\"><br class=\"spacer_\" \/><\/p>\n<div id=\"_mcePaste\" style=\"position: absolute; left: -10000px; top: 0px; width: 1px; height: 1px; overflow: hidden; text-align: justify;\"><span style=\"font-family: arial,helvetica,sans-serif; font-size: x-small;\"><strong>Daniele Garrone<\/strong><\/span><\/div>\n","protected":false},"excerpt":{"rendered":"<p>Deuteronomio capitoli 5-11 Ascolta, Israele &#8211; con Piero Stefani Domenica 9 gennaio 2011 \u201cAscolta, Israele, il Signore, Dio nostro, il Signore \u00e8 uno\u2026\u201d Cos\u00ec inizia lo Shem\u00e0 Israel, la preghiera fondamentale di ogni ebreo in ogni luogo del mondo e in ogni tempo. La sua formulazione compiuta si trova nel libro del Deuteronomio, al capitolo&#8230;<\/p>\n","protected":false},"author":3,"featured_media":0,"comment_status":"closed","ping_status":"closed","sticky":false,"template":"","format":"standard","meta":{"_kad_post_transparent":"","_kad_post_title":"","_kad_post_layout":"","_kad_post_sidebar_id":"","_kad_post_content_style":"","_kad_post_vertical_padding":"","_kad_post_feature":"","_kad_post_feature_position":"","_kad_post_header":false,"_kad_post_footer":false,"_kad_post_classname":"","footnotes":""},"categories":[101,4],"tags":[23,461,31],"class_list":["post-231711","post","type-post","status-publish","format-standard","hentry","category-101","category-audio-cattolici","tag-bibbia","tag-deuteronomio","tag-radio-nel-web"],"_links":{"self":[{"href":"https:\/\/archivio.cercoiltuovolto.it\/index.php?rest_route=\/wp\/v2\/posts\/231711","targetHints":{"allow":["GET"]}}],"collection":[{"href":"https:\/\/archivio.cercoiltuovolto.it\/index.php?rest_route=\/wp\/v2\/posts"}],"about":[{"href":"https:\/\/archivio.cercoiltuovolto.it\/index.php?rest_route=\/wp\/v2\/types\/post"}],"author":[{"embeddable":true,"href":"https:\/\/archivio.cercoiltuovolto.it\/index.php?rest_route=\/wp\/v2\/users\/3"}],"replies":[{"embeddable":true,"href":"https:\/\/archivio.cercoiltuovolto.it\/index.php?rest_route=%2Fwp%2Fv2%2Fcomments&post=231711"}],"version-history":[{"count":0,"href":"https:\/\/archivio.cercoiltuovolto.it\/index.php?rest_route=\/wp\/v2\/posts\/231711\/revisions"}],"wp:attachment":[{"href":"https:\/\/archivio.cercoiltuovolto.it\/index.php?rest_route=%2Fwp%2Fv2%2Fmedia&parent=231711"}],"wp:term":[{"taxonomy":"category","embeddable":true,"href":"https:\/\/archivio.cercoiltuovolto.it\/index.php?rest_route=%2Fwp%2Fv2%2Fcategories&post=231711"},{"taxonomy":"post_tag","embeddable":true,"href":"https:\/\/archivio.cercoiltuovolto.it\/index.php?rest_route=%2Fwp%2Fv2%2Ftags&post=231711"}],"curies":[{"name":"wp","href":"https:\/\/api.w.org\/{rel}","templated":true}]}}