{"id":231703,"date":"2011-01-21T09:43:06","date_gmt":"2011-01-21T09:43:06","guid":{"rendered":"https:\/\/archivio.cercoiltuovolto.it\/?p=231703"},"modified":"2011-01-21T09:43:06","modified_gmt":"2011-01-21T09:43:06","slug":"commento-al-vangelo-del-23-gennaio-2011-don-domenico-luciani","status":"publish","type":"post","link":"https:\/\/archivio.cercoiltuovolto.it\/?p=231703","title":{"rendered":"Commento al Vangelo del 23 gennaio 2011 &#8211; don Domenico Luciani"},"content":{"rendered":"<p style=\"text-align: center;\">\n<p>Commento al Vangelo della III Domenica del Tempo Ordinario a cura di don Domenico Luciani della <a href=\"http:\/\/www.sabinasantacroce.org\/\">Parrocchia Santa Croce a Passo Corese<\/a> (RI).<\/p>\n<blockquote style=\"text-align: justify;\">\n<p><em>Mt 4, 12-23<\/em><br \/>\n <em>Dal Vangelo secondo\u00a0Matteo<\/em><br \/>\n Quando  Ges\u00f9 seppe che Giovanni era stato arrestato, si ritir\u00f2 nella Galilea,  lasci\u00f2 N\u00e0zaret e and\u00f2 ad abitare a Caf\u00e0rnao, sulla riva del mare, nel  territorio di Z\u00e0bulon e di N\u00e8ftali, perch\u00e9 si compisse ci\u00f2 che era stato  detto per mezzo del profeta Isa\u00eca:<br \/>\n \u00abTerra di Z\u00e0bulon e terra di N\u00e8ftali, sulla via del mare, oltre il Giordano, Galilea delle genti!<br \/>\n Il popolo che abitava nelle tenebre vide una grande luce,<br \/>\n per quelli che abitavano in regione e ombra di morte una luce \u00e8 sorta\u00bb.<br \/>\n Da allora Ges\u00f9 cominci\u00f2 a predicare e a dire: \u00abConvertitevi, perch\u00e9 il regno dei cieli \u00e8 vicino\u00bb.<br \/>\n Mentre camminava lungo il mare di Galilea, vide due fratelli, Simone,  chiamato Pietro, e Andrea suo fratello, che gettavano le reti in mare;  erano infatti pescatori. E disse loro: \u00abVenite dietro a me, vi far\u00f2  pescatori di uomini\u00bb. Ed essi subito lasciarono le reti e lo seguirono.  Andando oltre, vide altri due fratelli, Giacomo, figlio di Zebed\u00e8o, e  Giovanni suo fratello, che nella barca, insieme a Zebedeo loro padre,  riparavano le loro reti, e li chiam\u00f2. Ed essi subito lasciarono la barca  e il loro padre e lo seguirono.<br \/>\n Ges\u00f9 percorreva tutta la Galilea,  insegnando nelle loro sinagoghe, annunciando il vangelo del Regno e  guarendo ogni sorta di malattie e di infermit\u00e0 nel popolo.<br \/>\n C: Parola del Signore.<br \/>\n A: Lode a Te o Cristo.<\/p>\n<\/blockquote>\n<p class=\"podcast\" style=\"text-align: left;\"><a href=\"http:\/\/www.sabinasantacroce.org\/audio\/clip52.mp3\">Scarica il file mp3<\/a><\/p>\n<p class=\"link\" style=\"text-align: left;\"><a href=\"http:\/\/www.youtube.com\/watch?v=F2tz6svz2lg\">Link al video<\/a><\/p>\n<p class=\"link\">Sito web: <a href=\"http:\/\/www.sabinasantacroce.org\">Parrocchia Santa Croce<\/a><\/p>\n","protected":false},"excerpt":{"rendered":"<p>Commento al Vangelo della III Domenica del Tempo Ordinario a cura di don Domenico Luciani della Parrocchia Santa Croce a Passo Corese (RI). Mt 4, 12-23 Dal Vangelo secondo\u00a0Matteo Quando Ges\u00f9 seppe che Giovanni era stato arrestato, si ritir\u00f2 nella Galilea, lasci\u00f2 N\u00e0zaret e and\u00f2 ad abitare a Caf\u00e0rnao, sulla riva del mare, nel territorio&#8230;<\/p>\n","protected":false},"author":3,"featured_media":0,"comment_status":"closed","ping_status":"closed","sticky":false,"template":"","format":"standard","meta":{"_kad_post_transparent":"","_kad_post_title":"","_kad_post_layout":"","_kad_post_sidebar_id":"","_kad_post_content_style":"","_kad_post_vertical_padding":"","_kad_post_feature":"","_kad_post_feature_position":"","_kad_post_header":false,"_kad_post_footer":false,"_kad_post_classname":"","footnotes":""},"categories":[101,147],"tags":[172,83],"class_list":["post-231703","post","type-post","status-publish","format-standard","hentry","category-101","category-commento-al-vangelo","tag-vangelo-della-domenica","tag-youtube"],"_links":{"self":[{"href":"https:\/\/archivio.cercoiltuovolto.it\/index.php?rest_route=\/wp\/v2\/posts\/231703","targetHints":{"allow":["GET"]}}],"collection":[{"href":"https:\/\/archivio.cercoiltuovolto.it\/index.php?rest_route=\/wp\/v2\/posts"}],"about":[{"href":"https:\/\/archivio.cercoiltuovolto.it\/index.php?rest_route=\/wp\/v2\/types\/post"}],"author":[{"embeddable":true,"href":"https:\/\/archivio.cercoiltuovolto.it\/index.php?rest_route=\/wp\/v2\/users\/3"}],"replies":[{"embeddable":true,"href":"https:\/\/archivio.cercoiltuovolto.it\/index.php?rest_route=%2Fwp%2Fv2%2Fcomments&post=231703"}],"version-history":[{"count":0,"href":"https:\/\/archivio.cercoiltuovolto.it\/index.php?rest_route=\/wp\/v2\/posts\/231703\/revisions"}],"wp:attachment":[{"href":"https:\/\/archivio.cercoiltuovolto.it\/index.php?rest_route=%2Fwp%2Fv2%2Fmedia&parent=231703"}],"wp:term":[{"taxonomy":"category","embeddable":true,"href":"https:\/\/archivio.cercoiltuovolto.it\/index.php?rest_route=%2Fwp%2Fv2%2Fcategories&post=231703"},{"taxonomy":"post_tag","embeddable":true,"href":"https:\/\/archivio.cercoiltuovolto.it\/index.php?rest_route=%2Fwp%2Fv2%2Ftags&post=231703"}],"curies":[{"name":"wp","href":"https:\/\/api.w.org\/{rel}","templated":true}]}}