{"id":231669,"date":"2011-01-13T12:12:34","date_gmt":"2011-01-13T12:12:34","guid":{"rendered":"https:\/\/archivio.cercoiltuovolto.it\/?p=231669"},"modified":"2011-01-13T12:12:34","modified_gmt":"2011-01-13T12:12:34","slug":"commento-al-vangelo-domenica-16-gennaio-2011-bellanotizia","status":"publish","type":"post","link":"https:\/\/archivio.cercoiltuovolto.it\/?p=231669","title":{"rendered":"Commento al Vangelo &#8211; Domenica 16 gennaio 2011 &#8211; Bellanotizia"},"content":{"rendered":"<p style=\"text-align: center;\">\n<p style=\"text-align: justify;\">Questa \u00e8 una rielaborazione <strong>audio\/video<\/strong> sulle letture della Messa di:<strong><em> DOMENICA 16 gennaio 2011 &#8211; II DOMENICA DEL TEMPO ORDINARIO <\/em><\/strong>(Anno A) a cura di <a href=\"http:\/\/www.bellanotizia.it\" target=\"_blank\">Antonio Di Lieto<\/a>.<\/p>\n<p style=\"text-align: justify;\">Il titolo della Messa, che unifica tutte le letture, secondo l&#8217;autore \u00e8: <strong>Ecco il salvatore del mondo !<\/strong><\/p>\n<p class=\"link\" style=\"text-align: justify;\"><a href=\"http:\/\/www.youtube.com\/watch?v=53V2nAMZ4j0&amp;feature=youtube_gdata\">Link al video<\/a><strong><br \/>\n<\/strong><\/p>\n<div class=\"powerpressbox\">[powerpress]<\/div>\n<h2>Commento alle Letture<\/h2>\n<blockquote>\n<h3><span style=\"text-decoration: underline;\">PRIMA LETTURA (dal libro del profeta Isa\u00eca 49,3.5-6)<\/span><\/h3>\n<p style=\"text-align: justify;\">Questa lettura \u00e8 Parola di Dio. Quindi \u00e8 Dio che ti parla e &#8211; con le stesse parole che una volta rivolse al profeta Isa\u00eca &#8211; dice anche a te: \u201cTu sei Mio servo: ed attraverso di te manifester\u00f2 la Mia gloria. ECCO, Io ti dico: \u00abGi\u00e0 da quando eri nel grembo di tua madre, Io ti ho costruito per essere Mio servitore: per riunire i Miei fedeli e ricondurre gli uomini a Me. Per questo ti ho onorato della Mia presenza: e ti ho dato la Mia forza!\u00bb. Te lo ripeto ancora una volta quindi: \u00abTu devi riportare a Me non solo il mio popolo: ma tutti gli uomini della terra. Devi essere una luce per tutte le nazioni: e portare la mia SALVEZZA in tutto IL MONDO !\u00bb.<\/p>\n<h3><span style=\"text-decoration: underline;\">SALMO RESPONSORIALE (Salmo 39,2.4.7-10)<\/span><\/h3>\n<p style=\"text-align: justify;\">Questo salmo \u00e8 Parola di Dio. Quindi \u00e8 Dio che ci parla e ci dice: \u201cIo sono il tuo Signore. Per questo dimmi sempre: \u00abECCOMI: vengo a te per fare la tua volont\u00e0!\u00bb. Continua a sperare quindi: a sperare in Me! Ed Io mi chiner\u00f2 su di te: per risollevarti. Ascolter\u00f2 il tuo grido di aiuto: e ti far\u00f2 tornare a cantare di gioia. Io infatti non gradisco tanto sacrifici ed offerte, ma essere ascoltato: non voglio animali bruciati sull\u2019altare, ma essere seguito. Desidero che tu mi dica semplicemente: \u00abECCOMI Signore: vengo! Sulla Bibbia c\u2019\u00e8 scritto di fare la Tua volont\u00e0 ed io solo questo desidero: custodire il Tuo messaggio, nell\u2019intimit\u00e0 della mia anima!\u00bb. Continua allora, ad annunciare a tutti la Mia infinita giustizia. Non tenere chiuse le labbra: d\u00ec a tutti che sono Io il tuo SALVATORE !\u201d.<\/p>\n<h3 style=\"text-align: justify;\"><span style=\"text-decoration: underline;\">SECONDA LETTURA (dalla prima lettera di Paolo ai cristiani di Corinto 1,1-3)<\/span><\/h3>\n<p style=\"text-align: justify;\">Questa lettera ai Cor\u00ecnzi \u00e8 Parola di Dio. Quindi \u00e8 Dio che ci parla e &#8211; per bocca di Paolo &#8211; ci dice: \u201cIo Paolo, chiamato da Dio ad essere messaggero di Cristo, porgo i miei saluti a voi cristiani che abitate a Cor\u00ecnto: anche da parte di S\u00f2stene, nostro fratello nella fede. Dio nostro Padre, d\u00eca ai vostri cuori tanta grazia e pace. A voi che siete stati chiamati ad essere santificati, ed a tutti quelli che invocano il nome di Ges\u00f9 Cristo: nostro Signore e SALVATORE !\u201d.<\/p>\n<h3 style=\"text-align: justify;\"><span style=\"text-decoration: underline;\">VANGELO (Giovanni 1,29-34)<\/span><\/h3>\n<p style=\"text-align: justify;\">Questo vangelo \u00e8 Parola di Dio. Quindi \u00e8 Ges\u00f9 che ci parla e ci dice: &#8220;Un giorno vedendomi venire verso di lui, Giovanni Battista esclam\u00f2 felice: \u00abECCO l\u2019agnello di Dio: IL SALVATORE DEL MONDO!\u00bb. Poi aggiunse: \u201cEra di Lui che dicevo: \u00abDopo di me verr\u00e0 un uomo pi\u00f9 forte di me: che esisteva gi\u00e0 prima di me!\u00bb. Io non lo conoscevo, ma so che sono stato mandato a battezzare per preparargli la strada.<\/p>\n<p style=\"text-align: justify;\">Dico questo, perch\u00e9 ho visto lo Spirito Santo scendere dal cielo sotto forma di colomba: e posarsi su di Lui. Io non sapevo chi fosse, ma il Signore mi aveva detto: \u00abColui sul quale vedrai posarsi lo Spirito, sar\u00e0 Lui che battezzer\u00e0 non con l\u2019acqua ma col fuoco: infiammando i cuori di Spirito Santo!\u00bb. Ed ora che l\u2019ho visto posso testimoniarlo. ECCO, Costui \u00e8 davvero il Figlio di Dio: IL SALVATORE DEL MONDO !\u201d.<\/p>\n<\/blockquote>\n<blockquote>\n<p><span class=\"morebis\"> <\/span><strong>Sul sito<\/strong> <a href=\"http:\/\/www.bellanotizia.it\/\" target=\"_blank\">http:\/\/www.bellanotizia.it<\/a> puoi scaricare tante altre &#8220;bellenotizie&#8221;, anche in forma di registrazione-audio e presentazione-video, oltre a diversi miei articoli, scritti, corrispondenze-mail ed ipotesi innovative.<\/p>\n<p style=\"text-align: justify;\"><strong>Note<\/strong>: L&#8217;autore precisa che, anche se la lettura di queste bellenotizie aiuta a comprendere la prima parte della Messa (Liturgia della Parola), non potr\u00e0 mai sostituire la seconda parte (Liturgia eucaristica), in cui ci viene data la possibilit\u00e0 di &#8220;abbracciare&#8221; veramente il Corpo di Cristo.<\/p>\n<\/blockquote>\n","protected":false},"excerpt":{"rendered":"<p>Questa \u00e8 una rielaborazione audio\/video sulle letture della Messa di: DOMENICA 16 gennaio 2011 &#8211; II DOMENICA DEL TEMPO ORDINARIO (Anno A) a cura di Antonio Di Lieto. Il titolo della Messa, che unifica tutte le letture, secondo l&#8217;autore \u00e8: Ecco il salvatore del mondo ! Link al video [powerpress] Commento alle Letture PRIMA LETTURA&#8230;<\/p>\n","protected":false},"author":3,"featured_media":0,"comment_status":"closed","ping_status":"closed","sticky":false,"template":"","format":"standard","meta":{"_kad_post_transparent":"","_kad_post_title":"","_kad_post_layout":"","_kad_post_sidebar_id":"","_kad_post_content_style":"","_kad_post_vertical_padding":"","_kad_post_feature":"","_kad_post_feature_position":"","_kad_post_header":false,"_kad_post_footer":false,"_kad_post_classname":"","footnotes":""},"categories":[101,232],"tags":[5,172],"class_list":["post-231669","post","type-post","status-publish","format-standard","hentry","category-101","category-bella-notizia","tag-commento-al-vangelo","tag-vangelo-della-domenica"],"_links":{"self":[{"href":"https:\/\/archivio.cercoiltuovolto.it\/index.php?rest_route=\/wp\/v2\/posts\/231669","targetHints":{"allow":["GET"]}}],"collection":[{"href":"https:\/\/archivio.cercoiltuovolto.it\/index.php?rest_route=\/wp\/v2\/posts"}],"about":[{"href":"https:\/\/archivio.cercoiltuovolto.it\/index.php?rest_route=\/wp\/v2\/types\/post"}],"author":[{"embeddable":true,"href":"https:\/\/archivio.cercoiltuovolto.it\/index.php?rest_route=\/wp\/v2\/users\/3"}],"replies":[{"embeddable":true,"href":"https:\/\/archivio.cercoiltuovolto.it\/index.php?rest_route=%2Fwp%2Fv2%2Fcomments&post=231669"}],"version-history":[{"count":0,"href":"https:\/\/archivio.cercoiltuovolto.it\/index.php?rest_route=\/wp\/v2\/posts\/231669\/revisions"}],"wp:attachment":[{"href":"https:\/\/archivio.cercoiltuovolto.it\/index.php?rest_route=%2Fwp%2Fv2%2Fmedia&parent=231669"}],"wp:term":[{"taxonomy":"category","embeddable":true,"href":"https:\/\/archivio.cercoiltuovolto.it\/index.php?rest_route=%2Fwp%2Fv2%2Fcategories&post=231669"},{"taxonomy":"post_tag","embeddable":true,"href":"https:\/\/archivio.cercoiltuovolto.it\/index.php?rest_route=%2Fwp%2Fv2%2Ftags&post=231669"}],"curies":[{"name":"wp","href":"https:\/\/api.w.org\/{rel}","templated":true}]}}