{"id":231667,"date":"2011-01-13T11:06:03","date_gmt":"2011-01-13T11:06:03","guid":{"rendered":"https:\/\/archivio.cercoiltuovolto.it\/?p=231667"},"modified":"2011-01-13T11:06:03","modified_gmt":"2011-01-13T11:06:03","slug":"commento-al-vangelo-del-16-gennaio-2010-don-mauro-pozzi","status":"publish","type":"post","link":"https:\/\/archivio.cercoiltuovolto.it\/?p=231667","title":{"rendered":"Commento al Vangelo del 16 gennaio 2010 &#8211; don Mauro Pozzi"},"content":{"rendered":"<p style=\"text-align: justify;\">Il commento al Vangelo della domenica a cura di don Mauro Pozzi parrocco della Parrocchia S. Giovanni Battista, Novara.<\/p>\n<blockquote>\n<p><strong>TESTIMONIARE<\/strong><\/p>\n<p style=\"text-align: justify;\">Giovanni chiama Ges\u00f9 l\u2019agnello di Dio. Questo appellativo deriva dai profeti che parlano del Messia come di un agnello condotto al macello. In particolare Isaia (53) descrive Ges\u00f9 come colui che prende su di s\u00e9 il peccato. \u00c8 un riferimento anche al sacrificio espiatorio che consisteva nel cacciare un agnello dall\u2019accampamento dopo averlo caricato dei peccati di tutti. \u00c8 il famoso capro espiatorio che ancora nominiamo. C\u2019\u00e8 anche un ri- mando all\u2019agnello mangiato dagli ebrei la notte della fuga dall\u2019Egitto, il cui sangue segnava gli stipiti delle porte dove l\u2019angelo della morte non doveva entrare per uccidere i primogeniti. Ha una grande importanza l\u2019ultima frase detta dal Battista: io ho visto e ho reso testimonianza che questi \u00e8 il Figlio di Dio. Noi conosciamo Ges\u00f9 grazie alla testimonianza di Giovanni Battista e degli apostoli e dei discepoli che lo incontrarono sulla terra. L\u2019Apostolo Giovanni nella sua prima lettera dice di annunciare il Verbo che lui ha udito, visto e toccato. Un riferimento ai sensi che d\u00e0 l\u2019idea di una familiarit\u00e0 profonda e di una realt\u00e0. I racconti di questi testimoni furono il veicolo della conoscenza di Ges\u00f9 delle prime generazioni di cristiani e lo sono anche per noi, ma l\u2019incontro che oggi facciamo col Maestro si avvale anche della testimonianza dei nostri contemporanei. Infatti il Cristo non \u00e8 solo un personaggio storico, nato ai tempi di Augusto e morto ai tempi di Ponzio Pilato, ma \u00e8 il Risorto, \u00e8 vivo e si lascia incontrare anche da noi. Ogni volta che celebriamo messa facciamo memoria, riviviamo i fatti della passione morte e resurrezione di Ges\u00f9, che poi si rende visibile e tangibile nel pane e nel vino, corpo e sangue suoi. Ecco allora che noi ne facciamo esperienza, il nostro diventa un incontro personale, che si rinnova nella comunione, nei sacramenti e nella preghiera. Io sono diventato sacerdote perch\u00e9 ho incontrato Ges\u00f9, lui \u00e8 entrato nella mia vita e mi ha chiesto di consacrarmi. Non con la voce, ma attraverso persone, avvenimenti e stando vicino a me nella mia preghiera. Per cui ve lo testimonio, lo conosco, \u00e8 il mio Salvatore. Quindi come io sono stato guidato dalla testimonianza dei miei maestri, ora cerco di suscitare il desiderio di incontrarlo nelle persone che mi sono affidate. Anche voi dovete essere testimoni, coi figli, i familiari, gli amici, chi incrociate sul vostro cammino. Questo \u00e8 essere chiesa.<\/p>\n<\/blockquote>\n","protected":false},"excerpt":{"rendered":"<p>Il commento al Vangelo della domenica a cura di don Mauro Pozzi parrocco della Parrocchia S. Giovanni Battista, Novara. TESTIMONIARE Giovanni chiama Ges\u00f9 l\u2019agnello di Dio. Questo appellativo deriva dai profeti che parlano del Messia come di un agnello condotto al macello. In particolare Isaia (53) descrive Ges\u00f9 come colui che prende su di s\u00e9&#8230;<\/p>\n","protected":false},"author":3,"featured_media":0,"comment_status":"closed","ping_status":"closed","sticky":false,"template":"","format":"standard","meta":{"_kad_post_transparent":"","_kad_post_title":"","_kad_post_layout":"","_kad_post_sidebar_id":"","_kad_post_content_style":"","_kad_post_vertical_padding":"","_kad_post_feature":"","_kad_post_feature_position":"","_kad_post_header":false,"_kad_post_footer":false,"_kad_post_classname":"","footnotes":""},"categories":[101,147],"tags":[388,172,83],"class_list":["post-231667","post","type-post","status-publish","format-standard","hentry","category-101","category-commento-al-vangelo","tag-don-mauro-pozzi","tag-vangelo-della-domenica","tag-youtube"],"_links":{"self":[{"href":"https:\/\/archivio.cercoiltuovolto.it\/index.php?rest_route=\/wp\/v2\/posts\/231667","targetHints":{"allow":["GET"]}}],"collection":[{"href":"https:\/\/archivio.cercoiltuovolto.it\/index.php?rest_route=\/wp\/v2\/posts"}],"about":[{"href":"https:\/\/archivio.cercoiltuovolto.it\/index.php?rest_route=\/wp\/v2\/types\/post"}],"author":[{"embeddable":true,"href":"https:\/\/archivio.cercoiltuovolto.it\/index.php?rest_route=\/wp\/v2\/users\/3"}],"replies":[{"embeddable":true,"href":"https:\/\/archivio.cercoiltuovolto.it\/index.php?rest_route=%2Fwp%2Fv2%2Fcomments&post=231667"}],"version-history":[{"count":0,"href":"https:\/\/archivio.cercoiltuovolto.it\/index.php?rest_route=\/wp\/v2\/posts\/231667\/revisions"}],"wp:attachment":[{"href":"https:\/\/archivio.cercoiltuovolto.it\/index.php?rest_route=%2Fwp%2Fv2%2Fmedia&parent=231667"}],"wp:term":[{"taxonomy":"category","embeddable":true,"href":"https:\/\/archivio.cercoiltuovolto.it\/index.php?rest_route=%2Fwp%2Fv2%2Fcategories&post=231667"},{"taxonomy":"post_tag","embeddable":true,"href":"https:\/\/archivio.cercoiltuovolto.it\/index.php?rest_route=%2Fwp%2Fv2%2Ftags&post=231667"}],"curies":[{"name":"wp","href":"https:\/\/api.w.org\/{rel}","templated":true}]}}