{"id":231657,"date":"2011-01-10T11:51:15","date_gmt":"2011-01-10T11:51:15","guid":{"rendered":"https:\/\/archivio.cercoiltuovolto.it\/?p=231657"},"modified":"2011-01-10T11:51:15","modified_gmt":"2011-01-10T11:51:15","slug":"mons-gianfranco-ravasi-le-frontiere-dello-spirito-del-9-gennaio-2011","status":"publish","type":"post","link":"https:\/\/archivio.cercoiltuovolto.it\/?p=231657","title":{"rendered":"mons. Gianfranco Ravasi &#8211; Le Frontiere dello Spirito del 9 gennaio 2011"},"content":{"rendered":"<p style=\"text-align: justify;\"><strong><a href=\"http:\/\/www.cercoiltuovolto.it\/wp-content\/uploads\/2011\/01\/Santi-protettori.jpg\"><img loading=\"lazy\" decoding=\"async\" class=\"alignleft size-medium wp-image-16396\" title=\"Santi-protettori\" src=\"http:\/\/www.cercoiltuovolto.it\/wp-content\/uploads\/2011\/01\/Santi-protettori-341x300.jpg\" alt=\"\" width=\"341\" height=\"300\" \/><\/a>Nella prima parte<\/strong>, monsignor Ravasi approfondisce le letture tratte dal\u00a0 libro del profeta Isaia:<br \/>\n &#8220;Cos\u00ec dice il Signore: <em>Ecco il mio servo che io sostengo, il mio eletto di cui mi compiaccio. Ho posto il mio spirito\u00a0 su di lui; egli porter\u00e0 il diritto alla nazioni<\/em>.&#8221;<br \/>\n Seguir\u00e0 &#8211; come sempre &#8211; la poesia di padre Turoldo, letta dall&#8217;attrice Pia Lanciotti.<br \/>\n <strong>La seconda parte del programma<\/strong>, curata da Maria Cecilia Sangiorgi, \u00e8 dedicata ai santi protettori.<br \/>\n I nostri progenitori nei\u00a0secoli hanno creato un universo di santi a cui rivolgersi per qualunque pena grande o piccola.\u00a0<br \/>\n I santi sono visti come degli intercessori tra gli esseri umani e Dio, come protettori per i vivi. <br \/>\n Il concetto di santo come persona dalle qualit\u00e0 perfette esiste in molte religioni del mondo, ma nella religione cristiana l&#8217;iniziale riconoscimento popolare di qualit\u00e0 speciali in uomini e donne considerati sacri, \u00e8 stato riconosciuto ufficialmente.<br \/>\n In particolare, quella dei santi patroni \u00e8 una tradizione tipica della Chiesa cattolica. Gi\u00e0 intorno all&#8217;XI secolo, le singole persone, in momenti di particolare difficolt\u00e0 personali o comunitarie\u00a0 si rivolgevano\u00a0 a loro.<br \/>\n I Santi Protettori, sono\u00a0 invocati a difesa della nostra anima, dei mali fisici, dei pericoli della vita di tutti i giorni.<br \/>\n L&#8217;argomento viene approfondito dal professor Franco Cardini, celebre storico e professore universitario di storia medioevale all&#8217;Universit\u00e0 di Firenze.<\/p>\n<p><br class=\"spacer_\" \/><\/p>\n<p class=\"link\">Fonte: <a href=\"http:\/\/www.tv.mediaset.it\/quimediaset\/articolo_2737.shtml\">QuiMediaset<\/a><\/p>\n<p class=\"video-link\" style=\"text-align: justify;\"><a href=\"http:\/\/www.video.mediaset.it\/video\/frontiere_dello_spirito\/full\/202396\/puntata-del-9-gennaio.html\">Guarda il video sul sito Mediaset<\/a><\/p>\n","protected":false},"excerpt":{"rendered":"<p>Nella prima parte, monsignor Ravasi approfondisce le letture tratte dal\u00a0 libro del profeta Isaia: &#8220;Cos\u00ec dice il Signore: Ecco il mio servo che io sostengo, il mio eletto di cui mi compiaccio. Ho posto il mio spirito\u00a0 su di lui; egli porter\u00e0 il diritto alla nazioni.&#8221; Seguir\u00e0 &#8211; come sempre &#8211; la poesia di padre&#8230;<\/p>\n","protected":false},"author":3,"featured_media":0,"comment_status":"closed","ping_status":"closed","sticky":false,"template":"","format":"standard","meta":{"_kad_post_transparent":"","_kad_post_title":"","_kad_post_layout":"","_kad_post_sidebar_id":"","_kad_post_content_style":"","_kad_post_vertical_padding":"","_kad_post_feature":"","_kad_post_feature_position":"","_kad_post_header":false,"_kad_post_footer":false,"_kad_post_classname":"","footnotes":""},"categories":[101,157],"tags":[88,380,339],"class_list":["post-231657","post","type-post","status-publish","format-standard","hentry","category-101","category-bibbia","tag-famiglia","tag-in-evidenza","tag-isaia"],"_links":{"self":[{"href":"https:\/\/archivio.cercoiltuovolto.it\/index.php?rest_route=\/wp\/v2\/posts\/231657","targetHints":{"allow":["GET"]}}],"collection":[{"href":"https:\/\/archivio.cercoiltuovolto.it\/index.php?rest_route=\/wp\/v2\/posts"}],"about":[{"href":"https:\/\/archivio.cercoiltuovolto.it\/index.php?rest_route=\/wp\/v2\/types\/post"}],"author":[{"embeddable":true,"href":"https:\/\/archivio.cercoiltuovolto.it\/index.php?rest_route=\/wp\/v2\/users\/3"}],"replies":[{"embeddable":true,"href":"https:\/\/archivio.cercoiltuovolto.it\/index.php?rest_route=%2Fwp%2Fv2%2Fcomments&post=231657"}],"version-history":[{"count":0,"href":"https:\/\/archivio.cercoiltuovolto.it\/index.php?rest_route=\/wp\/v2\/posts\/231657\/revisions"}],"wp:attachment":[{"href":"https:\/\/archivio.cercoiltuovolto.it\/index.php?rest_route=%2Fwp%2Fv2%2Fmedia&parent=231657"}],"wp:term":[{"taxonomy":"category","embeddable":true,"href":"https:\/\/archivio.cercoiltuovolto.it\/index.php?rest_route=%2Fwp%2Fv2%2Fcategories&post=231657"},{"taxonomy":"post_tag","embeddable":true,"href":"https:\/\/archivio.cercoiltuovolto.it\/index.php?rest_route=%2Fwp%2Fv2%2Ftags&post=231657"}],"curies":[{"name":"wp","href":"https:\/\/api.w.org\/{rel}","templated":true}]}}