{"id":231655,"date":"2011-01-13T06:00:20","date_gmt":"2011-01-13T06:00:20","guid":{"rendered":"https:\/\/archivio.cercoiltuovolto.it\/?p=231655"},"modified":"2011-01-13T06:00:20","modified_gmt":"2011-01-13T06:00:20","slug":"la-questione-di-dio-oggi-il-nuovo-cortile-dei-gentili","status":"publish","type":"post","link":"https:\/\/archivio.cercoiltuovolto.it\/?p=231655","title":{"rendered":"La questione di Dio oggi. Il nuovo cortile dei gentili"},"content":{"rendered":"<p style=\"text-align: justify;\"><a href=\"http:\/\/www.cercoiltuovolto.it\/wp-content\/uploads\/2011\/01\/La-questione-di-Dio-oggi.-Il-nuovo-cortile-dei-gentili.jpg\"><img loading=\"lazy\" decoding=\"async\" class=\"alignright size-thumbnail wp-image-16416\" title=\"La-questione-di-Dio-oggi.-Il-nuovo-cortile-dei-gentili\" src=\"http:\/\/www.cercoiltuovolto.it\/wp-content\/uploads\/2011\/01\/La-questione-di-Dio-oggi.-Il-nuovo-cortile-dei-gentili-82x130.jpg\" alt=\"\" width=\"82\" height=\"130\" \/><\/a>Il volume appena pubblicato dalla  \tLibreria Editrice Vaticana \u00e8 eloquente fin dal suo titolo. La questione di  \tDio, oggi, riguardo al senso della vita, viene collocata dall\u2019Autore nel  \tnuovo cortile dei gentili, cio\u00e8 in un dialogo rinnovato con la cultura  \tcontemporanea. Papa Benedetto XVI cos\u00ec ha indicato nel discorso alla Curia  \tRomana del 21 dicembre 2009: \u201cIo penso che la Chiesa dovrebbe anche oggi aprire una sorta di cortile dei gentili dove gli uomini  \tpossono in una qualche maniera agganciarsi a Dio\u2026Al dialogo con le religioni  \tdeve oggi aggiungersi soprattutto il dialogo con coloro per i quali la  \treligione \u00e8 una cosa estranea, ai quali Dio \u00e8 sconosciuto e che, tuttavia,  \tnon vorrebbero rimanere semplicemente senza Dio, ma avvicinarlo almeno come  \tSconosciuto\u201d. \u00a0Tutti gli uomini, di ogni cultura e di ogni nazione, sono  \tchiamati a partecipare alla vita del nuovo cortile dei gentili: la  \tsecolarit\u00e0 e la sacralit\u00e0 non saranno pi\u00f9 in lotta l\u2019una contro l\u2019altra ma,  \tognuna con la propria specificit\u00e0 storico-esistenziale, in cammino insieme  \tal servizio del vero e integrale sviluppo di ogni uomo e dell\u2019intera  \tfamiglia umana.<\/p>\n<\/p>\n<p class=\"acquista-paragrafo\"><a href=\"http:\/\/www.ibs.it\/code\/9788820984915\/leuzzi-lorenzo\/questione-di-dio-oggi.html?shop=3462\" target=\"_blank\">Acquista il libro<\/a> su IBS<\/p>\n","protected":false},"excerpt":{"rendered":"<p>Il volume appena pubblicato dalla Libreria Editrice Vaticana \u00e8 eloquente fin dal suo titolo. La questione di Dio, oggi, riguardo al senso della vita, viene collocata dall\u2019Autore nel nuovo cortile dei gentili, cio\u00e8 in un dialogo rinnovato con la cultura contemporanea. Papa Benedetto XVI cos\u00ec ha indicato nel discorso alla Curia Romana del 21 dicembre&#8230;<\/p>\n","protected":false},"author":3,"featured_media":0,"comment_status":"closed","ping_status":"closed","sticky":false,"template":"","format":"standard","meta":{"_kad_post_transparent":"","_kad_post_title":"","_kad_post_layout":"","_kad_post_sidebar_id":"","_kad_post_content_style":"","_kad_post_vertical_padding":"","_kad_post_feature":"","_kad_post_feature_position":"","_kad_post_header":false,"_kad_post_footer":false,"_kad_post_classname":"","footnotes":""},"categories":[101,136],"tags":[17,27],"class_list":["post-231655","post","type-post","status-publish","format-standard","hentry","category-101","category-dio","tag-libri","tag-radio-vaticana"],"_links":{"self":[{"href":"https:\/\/archivio.cercoiltuovolto.it\/index.php?rest_route=\/wp\/v2\/posts\/231655","targetHints":{"allow":["GET"]}}],"collection":[{"href":"https:\/\/archivio.cercoiltuovolto.it\/index.php?rest_route=\/wp\/v2\/posts"}],"about":[{"href":"https:\/\/archivio.cercoiltuovolto.it\/index.php?rest_route=\/wp\/v2\/types\/post"}],"author":[{"embeddable":true,"href":"https:\/\/archivio.cercoiltuovolto.it\/index.php?rest_route=\/wp\/v2\/users\/3"}],"replies":[{"embeddable":true,"href":"https:\/\/archivio.cercoiltuovolto.it\/index.php?rest_route=%2Fwp%2Fv2%2Fcomments&post=231655"}],"version-history":[{"count":0,"href":"https:\/\/archivio.cercoiltuovolto.it\/index.php?rest_route=\/wp\/v2\/posts\/231655\/revisions"}],"wp:attachment":[{"href":"https:\/\/archivio.cercoiltuovolto.it\/index.php?rest_route=%2Fwp%2Fv2%2Fmedia&parent=231655"}],"wp:term":[{"taxonomy":"category","embeddable":true,"href":"https:\/\/archivio.cercoiltuovolto.it\/index.php?rest_route=%2Fwp%2Fv2%2Fcategories&post=231655"},{"taxonomy":"post_tag","embeddable":true,"href":"https:\/\/archivio.cercoiltuovolto.it\/index.php?rest_route=%2Fwp%2Fv2%2Ftags&post=231655"}],"curies":[{"name":"wp","href":"https:\/\/api.w.org\/{rel}","templated":true}]}}