{"id":231648,"date":"2011-01-09T08:30:05","date_gmt":"2011-01-09T08:30:05","guid":{"rendered":"https:\/\/archivio.cercoiltuovolto.it\/?p=231648"},"modified":"2011-01-09T08:30:05","modified_gmt":"2011-01-09T08:30:05","slug":"commento-al-vangelo-del-9-gennaio-2011-p-massimo-granieri","status":"publish","type":"post","link":"https:\/\/archivio.cercoiltuovolto.it\/?p=231648","title":{"rendered":"Commento al Vangelo del 9 gennaio 2011 &#8211; p. Massimo Granieri"},"content":{"rendered":"<p style=\"text-align: center;\">\n<p style=\"text-align: justify;\">Riparte l\u2019appuntamento settimanale con  la buona notizia del Vangelo annunciato nella celebrazione eucaristica  festiva. Oggi la Chiesa solennizza il Battesimo di Ges\u00f9. Su <a href=\"http:\/\/www.rlb.it\/\" target=\"_blank\">RLB<\/a> la riflessione sulla pagine bibliche e sul bisogno di voler bene a  tutti, seguendo la legge della carit\u00e0 insegnata dal Signore nella sua  missione terrena.<\/p>\n<blockquote>\n<h3 style=\"text-align: justify;\">Dalla liturgia del 9 gennaio: Atti degli Apostoli 10,34-38<\/h3>\n<p style=\"text-align: justify;\">In quei giorni, Pietro prese la parola e  disse: \u00abIn verit\u00e0 sto rendendomi conto che Dio non fa preferenze di  persone, ma accoglie chi lo teme e pratica la giustizia, a qualunque  nazione appartenga.<\/p>\n<p style=\"text-align: justify;\">Questa \u00e8 la Parola che egli ha inviato  ai figli d\u2019Israele, annunciando la pace per mezzo di Ges\u00f9 Cristo: questi  \u00e8 il Signore di tutti.<\/p>\n<p style=\"text-align: justify;\">Voi sapete ci\u00f2 che \u00e8 accaduto in tutta  la Giudea, cominciando dalla Galilea, dopo il battesimo predicato da  Giovanni; cio\u00e8 come Dio consacr\u00f2 in Spirito Santo e potenza Ges\u00f9 di  N\u00e0zaret, il quale pass\u00f2 beneficando e risanando tutti coloro che stavano  sotto il potere del diavolo, perch\u00e9 Dio era con lui\u00bb.<\/p>\n<\/blockquote>\n<p><br class=\"spacer_\" \/><\/p>\n<div class=\"powerpressbox\" style=\"text-align: justify;\">[powerpress]<\/div>\n<p class=\"link\">Fonte: <a href=\"http:\/\/feedproxy.google.com\/~r\/LarenaDeiRumori\/~3\/yTfiB4s05hw\/\">p. Massimo Granieri<\/a><\/p>\n","protected":false},"excerpt":{"rendered":"<p>Riparte l\u2019appuntamento settimanale con la buona notizia del Vangelo annunciato nella celebrazione eucaristica festiva. Oggi la Chiesa solennizza il Battesimo di Ges\u00f9. Su RLB la riflessione sulla pagine bibliche e sul bisogno di voler bene a tutti, seguendo la legge della carit\u00e0 insegnata dal Signore nella sua missione terrena. Dalla liturgia del 9 gennaio: Atti&#8230;<\/p>\n","protected":false},"author":3,"featured_media":0,"comment_status":"closed","ping_status":"closed","sticky":false,"template":"","format":"standard","meta":{"_kad_post_transparent":"","_kad_post_title":"","_kad_post_layout":"","_kad_post_sidebar_id":"","_kad_post_content_style":"","_kad_post_vertical_padding":"","_kad_post_feature":"","_kad_post_feature_position":"","_kad_post_header":false,"_kad_post_footer":false,"_kad_post_classname":"","footnotes":""},"categories":[101,453],"tags":[5,385,31],"class_list":["post-231648","post","type-post","status-publish","format-standard","hentry","category-101","category-battesimo-del-signore","tag-commento-al-vangelo","tag-passionisti","tag-radio-nel-web"],"_links":{"self":[{"href":"https:\/\/archivio.cercoiltuovolto.it\/index.php?rest_route=\/wp\/v2\/posts\/231648","targetHints":{"allow":["GET"]}}],"collection":[{"href":"https:\/\/archivio.cercoiltuovolto.it\/index.php?rest_route=\/wp\/v2\/posts"}],"about":[{"href":"https:\/\/archivio.cercoiltuovolto.it\/index.php?rest_route=\/wp\/v2\/types\/post"}],"author":[{"embeddable":true,"href":"https:\/\/archivio.cercoiltuovolto.it\/index.php?rest_route=\/wp\/v2\/users\/3"}],"replies":[{"embeddable":true,"href":"https:\/\/archivio.cercoiltuovolto.it\/index.php?rest_route=%2Fwp%2Fv2%2Fcomments&post=231648"}],"version-history":[{"count":0,"href":"https:\/\/archivio.cercoiltuovolto.it\/index.php?rest_route=\/wp\/v2\/posts\/231648\/revisions"}],"wp:attachment":[{"href":"https:\/\/archivio.cercoiltuovolto.it\/index.php?rest_route=%2Fwp%2Fv2%2Fmedia&parent=231648"}],"wp:term":[{"taxonomy":"category","embeddable":true,"href":"https:\/\/archivio.cercoiltuovolto.it\/index.php?rest_route=%2Fwp%2Fv2%2Fcategories&post=231648"},{"taxonomy":"post_tag","embeddable":true,"href":"https:\/\/archivio.cercoiltuovolto.it\/index.php?rest_route=%2Fwp%2Fv2%2Ftags&post=231648"}],"curies":[{"name":"wp","href":"https:\/\/api.w.org\/{rel}","templated":true}]}}