{"id":231646,"date":"2011-01-07T15:43:04","date_gmt":"2011-01-07T15:43:04","guid":{"rendered":"https:\/\/archivio.cercoiltuovolto.it\/?p=231646"},"modified":"2011-01-07T15:43:04","modified_gmt":"2011-01-07T15:43:04","slug":"commento-al-vangelo-del-9-gennaio-2011-don-giuseppe-fusari","status":"publish","type":"post","link":"https:\/\/archivio.cercoiltuovolto.it\/?p=231646","title":{"rendered":"Commento al Vangelo del 9 gennaio 2011 &#8211; don Giuseppe Fusari"},"content":{"rendered":"<p style=\"text-align: center;\">\n<h2 style=\"text-align: left;\">Guarda il video della lettura del vangelo della settimana e le riflessioni affidate a diversi commentatori.<\/h2>\n<p style=\"text-align: left;\"><strong>Video Vangelo<\/strong> del 9 gennaio 2011 &#8211; <strong>DOMENICA DEL BATTESIMO DEL SIGNORE<br \/>\n <\/strong><\/p>\n<ul>\n<li><strong> <\/strong><strong>Commento <\/strong>di don Giuseppe Fusari<\/li>\n<li><strong>Lettrice<\/strong> Elena Gianni<\/li>\n<\/ul>\n<p style=\"text-align: center;\">[oembed] {&#8220;url&#8221;:&#8221;http:\/\/www.youtube.com\/watch?v=CxQNm0YOX-I&#8221;, &#8220;width&#8221;:480, &#8220;height&#8221;:360} [\/oembed]<\/p>\n<blockquote style=\"text-align: justify;\"><p>Mt 3,13-17<\/p><\/blockquote>\n<blockquote style=\"text-align: justify;\"><p><em>Appena battezzato, Ges\u00f9 vide lo Spirito di Dio venire su di lui.<\/em><\/p><\/blockquote>\n<blockquote style=\"text-align: justify;\"><p>+ Dal Vangelo secondo Matteo  In quel tempo, Ges\u00f9 dalla Galilea venne al Giordano da Giovanni, per farsi battezzare da lui. Giovanni per\u00f2 voleva impedirglielo, dicendo: \u00abSono io che ho bisogno di essere battezzato da te, e tu vieni da me?\u00bb. Ma Ges\u00f9 gli rispose: \u00abLascia fare per ora, perch\u00e9 conviene che adempiamo ogni giustizia\u00bb. Allora egli lo lasci\u00f2 fare. Appena battezzato, Ges\u00f9 usc\u00ec dall\u2019acqua: ed ecco, si aprirono per lui i cieli ed egli vide lo Spirito di Dio discendere come una colomba e venire sopra di lui. Ed ecco una voce dal cielo che diceva: \u00abQuesti \u00e8 il Figlio mio, l\u2019amato: in lui ho posto il mio compiacimento\u00bb.<\/p><\/blockquote>\n<blockquote style=\"text-align: justify;\"><p>Parola del Signore<\/p><\/blockquote>\n<p class=\"link\"><strong>Fonte del video<\/strong>: Centro Audiovisivi &#8211; La Buona Notizia<\/p>\n","protected":false},"excerpt":{"rendered":"<p>Guarda il video della lettura del vangelo della settimana e le riflessioni affidate a diversi commentatori. Video Vangelo del 9 gennaio 2011 &#8211; DOMENICA DEL BATTESIMO DEL SIGNORE Commento di don Giuseppe Fusari Lettrice Elena Gianni [oembed] {&#8220;url&#8221;:&#8221;http:\/\/www.youtube.com\/watch?v=CxQNm0YOX-I&#8221;, &#8220;width&#8221;:480, &#8220;height&#8221;:360} [\/oembed] Mt 3,13-17 Appena battezzato, Ges\u00f9 vide lo Spirito di Dio venire su di lui&#8230;.<\/p>\n","protected":false},"author":3,"featured_media":0,"comment_status":"closed","ping_status":"closed","sticky":false,"template":"","format":"standard","meta":{"_kad_post_transparent":"","_kad_post_title":"","_kad_post_layout":"","_kad_post_sidebar_id":"","_kad_post_content_style":"","_kad_post_vertical_padding":"","_kad_post_feature":"","_kad_post_feature_position":"","_kad_post_header":false,"_kad_post_footer":false,"_kad_post_classname":"","footnotes":""},"categories":[101,453],"tags":[5,42,172],"class_list":["post-231646","post","type-post","status-publish","format-standard","hentry","category-101","category-battesimo-del-signore","tag-commento-al-vangelo","tag-lettura-del-vangelo","tag-vangelo-della-domenica"],"_links":{"self":[{"href":"https:\/\/archivio.cercoiltuovolto.it\/index.php?rest_route=\/wp\/v2\/posts\/231646","targetHints":{"allow":["GET"]}}],"collection":[{"href":"https:\/\/archivio.cercoiltuovolto.it\/index.php?rest_route=\/wp\/v2\/posts"}],"about":[{"href":"https:\/\/archivio.cercoiltuovolto.it\/index.php?rest_route=\/wp\/v2\/types\/post"}],"author":[{"embeddable":true,"href":"https:\/\/archivio.cercoiltuovolto.it\/index.php?rest_route=\/wp\/v2\/users\/3"}],"replies":[{"embeddable":true,"href":"https:\/\/archivio.cercoiltuovolto.it\/index.php?rest_route=%2Fwp%2Fv2%2Fcomments&post=231646"}],"version-history":[{"count":0,"href":"https:\/\/archivio.cercoiltuovolto.it\/index.php?rest_route=\/wp\/v2\/posts\/231646\/revisions"}],"wp:attachment":[{"href":"https:\/\/archivio.cercoiltuovolto.it\/index.php?rest_route=%2Fwp%2Fv2%2Fmedia&parent=231646"}],"wp:term":[{"taxonomy":"category","embeddable":true,"href":"https:\/\/archivio.cercoiltuovolto.it\/index.php?rest_route=%2Fwp%2Fv2%2Fcategories&post=231646"},{"taxonomy":"post_tag","embeddable":true,"href":"https:\/\/archivio.cercoiltuovolto.it\/index.php?rest_route=%2Fwp%2Fv2%2Ftags&post=231646"}],"curies":[{"name":"wp","href":"https:\/\/api.w.org\/{rel}","templated":true}]}}