{"id":231633,"date":"2011-01-06T09:43:49","date_gmt":"2011-01-06T09:43:49","guid":{"rendered":"https:\/\/archivio.cercoiltuovolto.it\/?p=231633"},"modified":"2011-01-06T09:43:49","modified_gmt":"2011-01-06T09:43:49","slug":"udienza-generale-del-santo-padre-in-mp3-5-gennaio-2011","status":"publish","type":"post","link":"https:\/\/archivio.cercoiltuovolto.it\/?p=231633","title":{"rendered":"&#8220;Udienza Generale&#8221; del Santo Padre in mp3 &#8211; 5 gennaio 2011"},"content":{"rendered":"<p style=\"text-align: center;\"><a href=\"http:\/\/www.cercoiltuovolto.it\/wp-content\/uploads\/2010\/11\/udienza.jpg\"><img loading=\"lazy\" decoding=\"async\" class=\"aligncenter size-full wp-image-15013\" style=\"border: 0pt none;\" title=\"UDIENZA GENERALE \" src=\"http:\/\/www.cercoiltuovolto.it\/\/wp-content\/uploads\/2010\/11\/udienza.jpg\" alt=\"\" width=\"476\" height=\"132\" \/><\/a><\/p>\n<blockquote>\n<p><em>Cari fratelli e sorelle!<\/em><\/p>\n<p style=\"text-align: justify;\">Sono lieto di accogliervi in questa prima Udienza generale del nuovo anno e di  tutto cuore porgo a voi e alle vostre famiglie fervidi auguri. Il Signore del  tempo e della storia guidi i nostri passi sulla via del bene e conceda a  ciascuno abbondanza di grazia e prosperit\u00e0. Ancora circondati dalla luce del  Santo Natale, che ci invita alla gioia per la venuta del Salvatore, siamo oggi  alla vigilia dell\u2019Epifania, in cui celebriamo la manifestazione del Signore a  tutte le genti. La festa del Natale affascina oggi come una volta, pi\u00f9 di altre  grandi feste della Chiesa; affascina perch\u00e9 tutti in qualche modo intuiscono che  la nascita di Ges\u00f9 ha a che fare con le aspirazioni e le speranze pi\u00f9 profonde  dell\u2019uomo. Il consumismo pu\u00f2 distogliere da questa interiore nostalgia, ma se  nel cuore c\u2019\u00e8 il desiderio di accogliere quel Bambino che porta la novit\u00e0 di  Dio, che \u00e8 venuto per donarci la vita in pienezza, le luci degli addobbi  natalizi possono diventare piuttosto un riflesso della Luce che si \u00e8 accesa con  l\u2019incarnazione di Dio.<\/p>\n<ul>\n<li><a href=\"http:\/\/www.vatican.va\/holy_father\/benedict_xvi\/audiences\/2011\/documents\/hf_ben-xvi_aud_20110105_it.html\">Leggi tutto il messaggio<\/a> <em>\u00a9 Copyright 2010 &#8211; Libreria  Editrice Vaticana<\/em><\/li>\n<li><a href=\"http:\/\/vod.vatican.va\/udienza05012011.mov\" target=\"_blank\">Link al video ufficiale<\/a> (richiede Apple Quick Time)<\/li>\n<\/ul>\n<\/blockquote>\n<div class=\"powerpressbox\">[powerpress]<\/div>\n<p class=\"link\" style=\"text-align: justify;\"><strong>Fonte<\/strong>: Radio Vaticana via FeedRss<br \/>\n <span style=\"font-size: xx-small;\"><em>(The content of this podcast is copyrighted by Vatican Radio which, according to  its statute, is entrusted to manage and protect the sound recordings of the  Roman Pontiff, ensuring that their pastoral character and intellectual  property&#8217;s rights are protected when used by third parties. The content of this  podcast is made available only for personal and private use and cannot be  exploited for commercial purposes, without prior written authorization by  Vatican Radio. For further information, please contact the International  Relation Office at relint@vatiradio.va)<\/em><\/span><\/p>\n","protected":false},"excerpt":{"rendered":"<p>Cari fratelli e sorelle! Sono lieto di accogliervi in questa prima Udienza generale del nuovo anno e di tutto cuore porgo a voi e alle vostre famiglie fervidi auguri. Il Signore del tempo e della storia guidi i nostri passi sulla via del bene e conceda a ciascuno abbondanza di grazia e prosperit\u00e0. Ancora circondati&#8230;<\/p>\n","protected":false},"author":3,"featured_media":0,"comment_status":"closed","ping_status":"closed","sticky":false,"template":"","format":"standard","meta":{"_kad_post_transparent":"","_kad_post_title":"","_kad_post_layout":"","_kad_post_sidebar_id":"","_kad_post_content_style":"","_kad_post_vertical_padding":"","_kad_post_feature":"","_kad_post_feature_position":"","_kad_post_header":false,"_kad_post_footer":false,"_kad_post_classname":"","footnotes":""},"categories":[101,127],"tags":[65,9],"class_list":["post-231633","post","type-post","status-publish","format-standard","hentry","category-101","category-benedetto-xvi","tag-udienza-generale","tag-vaticano"],"_links":{"self":[{"href":"https:\/\/archivio.cercoiltuovolto.it\/index.php?rest_route=\/wp\/v2\/posts\/231633","targetHints":{"allow":["GET"]}}],"collection":[{"href":"https:\/\/archivio.cercoiltuovolto.it\/index.php?rest_route=\/wp\/v2\/posts"}],"about":[{"href":"https:\/\/archivio.cercoiltuovolto.it\/index.php?rest_route=\/wp\/v2\/types\/post"}],"author":[{"embeddable":true,"href":"https:\/\/archivio.cercoiltuovolto.it\/index.php?rest_route=\/wp\/v2\/users\/3"}],"replies":[{"embeddable":true,"href":"https:\/\/archivio.cercoiltuovolto.it\/index.php?rest_route=%2Fwp%2Fv2%2Fcomments&post=231633"}],"version-history":[{"count":0,"href":"https:\/\/archivio.cercoiltuovolto.it\/index.php?rest_route=\/wp\/v2\/posts\/231633\/revisions"}],"wp:attachment":[{"href":"https:\/\/archivio.cercoiltuovolto.it\/index.php?rest_route=%2Fwp%2Fv2%2Fmedia&parent=231633"}],"wp:term":[{"taxonomy":"category","embeddable":true,"href":"https:\/\/archivio.cercoiltuovolto.it\/index.php?rest_route=%2Fwp%2Fv2%2Fcategories&post=231633"},{"taxonomy":"post_tag","embeddable":true,"href":"https:\/\/archivio.cercoiltuovolto.it\/index.php?rest_route=%2Fwp%2Fv2%2Ftags&post=231633"}],"curies":[{"name":"wp","href":"https:\/\/api.w.org\/{rel}","templated":true}]}}