{"id":231584,"date":"2010-12-21T06:00:39","date_gmt":"2010-12-21T06:00:39","guid":{"rendered":"https:\/\/archivio.cercoiltuovolto.it\/?p=231584"},"modified":"2010-12-21T06:00:39","modified_gmt":"2010-12-21T06:00:39","slug":"mons-gianfranco-ravasi-le-frontiere-dello-spirito-del-19-dicembre-2010","status":"publish","type":"post","link":"https:\/\/archivio.cercoiltuovolto.it\/?p=231584","title":{"rendered":"mons. Gianfranco Ravasi &#8211; Le Frontiere dello Spirito del 19 dicembre 2010"},"content":{"rendered":"<p style=\"text-align: justify;\"><strong><a href=\"http:\/\/www.cercoiltuovolto.it\/wp-content\/uploads\/2010\/12\/Isaia.jpg\"><img loading=\"lazy\" decoding=\"async\" class=\"alignleft size-medium wp-image-16091\" title=\"Isaia\" src=\"http:\/\/www.cercoiltuovolto.it\/wp-content\/uploads\/2010\/12\/Isaia-167x300.jpg\" alt=\"\" width=\"167\" height=\"300\" \/><\/a>Nella prima parte<\/strong>, monsignor Ravasi approfondisce le letture tratte dal\u00a0 libro del profeta Isaia e lette &#8211; come sempre\u00a0 &#8211; dai giovani attori del Piccolo Teatro di Milano:<\/p>\n<blockquote>\n<p style=\"text-align: justify;\">&#8220;In quei giorni, il Signore parl\u00f2 ad Acaraz: Chiedi per te un segno dal Signore, tuo Dio, dal profondo degli inferi oppure dall&#8217;alto&#8221;<\/p>\n<\/blockquote>\n<p style=\"text-align: justify;\">Sono tanti gli annunci profetici di Isaia e questo \u00e8 il pi\u00f9 celebre.<br \/>\n Il segno \u00e8 come un anticipo di quanto il Signore sta per fare e si colloca come tappa intermedia nella realizzazione della sua Parola. Dal momento che Acaraz non vuole credere, il Signore gli dice: &#8220;Chiedi per te un segno&#8221;, per confermare la tua fiducia in me, che cio\u00e8 quanto ti ho detto si avverer\u00e0. Il segno pu\u00f2 essere in ogni spazio, anche in quello non raggiungibile dall&#8217;uomo: gli inferi e l&#8217;alto dei cieli.<\/p>\n<p style=\"text-align: justify;\"><strong>La seconda parte del programma<\/strong>, curata da Maria Cecilia Sangiorgi, \u00e8 dedicata alla Comunit\u00e0, &#8220;<strong>L&#8217;Albero della Macedonia<\/strong>&#8220;, la prima comunit\u00e0 familiare interreligiosa della Lombardia, nata nel\u00a0 2009. L&#8217;Associazione\u00a0 sorge in una bella cascina alle porte di Pavia, a Monticelli Pavese. In quella casa, completamente ristrutturata, quattro famiglie con storie, cultura, esperienze e religioni diverse hanno deciso di vivere una accanto all&#8217;altra e di sperimentare un&#8217;esperienza di affido a favore di ragazzi e bambini italiani e stranieri.<\/p>\n<p><br class=\"spacer_\" \/><\/p>\n<p class=\"link\">Fonte: <a href=\"http:\/\/www.tv.mediaset.it\/quimediaset\/articolo_2654.shtml\">QuiMediaset<\/a><\/p>\n<p class=\"video-link\" style=\"text-align: justify;\"><a href=\"http:\/\/www.video.mediaset.it\/video\/frontiere_dello_spirito\/full\/199052\/puntata-del-19-dicembre.html\">Guarda il video sul sito Mediaset<\/a><\/p>\n","protected":false},"excerpt":{"rendered":"<p>Nella prima parte, monsignor Ravasi approfondisce le letture tratte dal\u00a0 libro del profeta Isaia e lette &#8211; come sempre\u00a0 &#8211; dai giovani attori del Piccolo Teatro di Milano: &#8220;In quei giorni, il Signore parl\u00f2 ad Acaraz: Chiedi per te un segno dal Signore, tuo Dio, dal profondo degli inferi oppure dall&#8217;alto&#8221; Sono tanti gli annunci&#8230;<\/p>\n","protected":false},"author":3,"featured_media":0,"comment_status":"closed","ping_status":"closed","sticky":false,"template":"","format":"standard","meta":{"_kad_post_transparent":"","_kad_post_title":"","_kad_post_layout":"","_kad_post_sidebar_id":"","_kad_post_content_style":"","_kad_post_vertical_padding":"","_kad_post_feature":"","_kad_post_feature_position":"","_kad_post_header":false,"_kad_post_footer":false,"_kad_post_classname":"","footnotes":""},"categories":[100,157],"tags":[88,380,339],"class_list":["post-231584","post","type-post","status-publish","format-standard","hentry","category-100","category-bibbia","tag-famiglia","tag-in-evidenza","tag-isaia"],"_links":{"self":[{"href":"https:\/\/archivio.cercoiltuovolto.it\/index.php?rest_route=\/wp\/v2\/posts\/231584","targetHints":{"allow":["GET"]}}],"collection":[{"href":"https:\/\/archivio.cercoiltuovolto.it\/index.php?rest_route=\/wp\/v2\/posts"}],"about":[{"href":"https:\/\/archivio.cercoiltuovolto.it\/index.php?rest_route=\/wp\/v2\/types\/post"}],"author":[{"embeddable":true,"href":"https:\/\/archivio.cercoiltuovolto.it\/index.php?rest_route=\/wp\/v2\/users\/3"}],"replies":[{"embeddable":true,"href":"https:\/\/archivio.cercoiltuovolto.it\/index.php?rest_route=%2Fwp%2Fv2%2Fcomments&post=231584"}],"version-history":[{"count":0,"href":"https:\/\/archivio.cercoiltuovolto.it\/index.php?rest_route=\/wp\/v2\/posts\/231584\/revisions"}],"wp:attachment":[{"href":"https:\/\/archivio.cercoiltuovolto.it\/index.php?rest_route=%2Fwp%2Fv2%2Fmedia&parent=231584"}],"wp:term":[{"taxonomy":"category","embeddable":true,"href":"https:\/\/archivio.cercoiltuovolto.it\/index.php?rest_route=%2Fwp%2Fv2%2Fcategories&post=231584"},{"taxonomy":"post_tag","embeddable":true,"href":"https:\/\/archivio.cercoiltuovolto.it\/index.php?rest_route=%2Fwp%2Fv2%2Ftags&post=231584"}],"curies":[{"name":"wp","href":"https:\/\/api.w.org\/{rel}","templated":true}]}}