{"id":231575,"date":"2010-12-18T06:00:51","date_gmt":"2010-12-18T06:00:51","guid":{"rendered":"https:\/\/archivio.cercoiltuovolto.it\/?p=231575"},"modified":"2010-12-18T06:00:51","modified_gmt":"2010-12-18T06:00:51","slug":"dialoghi-internazionali-se-vuoi-la-pace-prepara-la-pace","status":"publish","type":"post","link":"https:\/\/archivio.cercoiltuovolto.it\/?p=231575","title":{"rendered":"Dialoghi internazionali: Se vuoi la pace prepara la pace"},"content":{"rendered":"<p style=\"text-align: center;\"><a href=\"http:\/\/www.cercoiltuovolto.it\/wp-content\/uploads\/2010\/12\/se-vuoi-la-pace-prepara-la-pace.jpg\"><img loading=\"lazy\" decoding=\"async\" class=\"aligncenter size-medium wp-image-16063\" title=\"se vuoi la pace prepara la pace\" src=\"http:\/\/www.cercoiltuovolto.it\/wp-content\/uploads\/2010\/12\/se-vuoi-la-pace-prepara-la-pace-470x178.jpg\" alt=\"\" width=\"470\" height=\"178\" \/><\/a><\/p>\n<p style=\"text-align: justify;\"><em>Evento organizzato dalla <a href=\"http:\/\/www.webtv.provincia.tn.it\/focus\/-dialoghi_internazionali\/pagina101.html\">Provincia Autonoma di Trento<\/a> e dal Centro per la Pace del Comune di Bolzano<\/em><\/p>\n<p style=\"text-align: justify;\">UNO SGUARDO SUL MONDO: personalit\u00e0 e temi del dibattito internazionale proposti alla comunit\u00e0 trentina per conoscere e riflettere sulla societ\u00e0 contemporanea, le sue tensioni, la sua aspirazione alla pace.<\/p>\n<p style=\"text-align: center;\">Luned\u00ec 6 dicembre 2010<strong> &#8211; Serge Latouche <\/strong> in dialogo con Achille Rossi<\/p>\n<p style=\"text-align: justify;\">La crisi ha ridisegnato i confini della crescita economica e la linea verticale che, fino a qualche anno fa, indicava parametri infiniti di progresso economico si \u00e8 spezzata. Da trent&#8217;anni <strong>Serge Latouche,<\/strong> uno dei filosofi ed economisti pi\u00f9 famosi al mondo, critica la visione classica dello sviluppo economico, invocando una inversione di marcia che ha definito col termine &#8220;<strong>Decrescita felice<\/strong>&#8220;.<\/p>\n<p class=\"link\" style=\"text-align: justify;\">Fonte: Pietre Vive<\/p>\n","protected":false},"excerpt":{"rendered":"<p>Evento organizzato dalla Provincia Autonoma di Trento e dal Centro per la Pace del Comune di Bolzano UNO SGUARDO SUL MONDO: personalit\u00e0 e temi del dibattito internazionale proposti alla comunit\u00e0 trentina per conoscere e riflettere sulla societ\u00e0 contemporanea, le sue tensioni, la sua aspirazione alla pace. Luned\u00ec 6 dicembre 2010 &#8211; Serge Latouche in dialogo&#8230;<\/p>\n","protected":false},"author":3,"featured_media":0,"comment_status":"closed","ping_status":"closed","sticky":false,"template":"","format":"standard","meta":{"_kad_post_transparent":"","_kad_post_title":"","_kad_post_layout":"","_kad_post_sidebar_id":"","_kad_post_content_style":"","_kad_post_vertical_padding":"","_kad_post_feature":"","_kad_post_feature_position":"","_kad_post_header":false,"_kad_post_footer":false,"_kad_post_classname":"","footnotes":""},"categories":[100,122],"tags":[380,117,180],"class_list":["post-231575","post","type-post","status-publish","format-standard","hentry","category-100","category-conferenze","tag-in-evidenza","tag-incontri","tag-pace"],"_links":{"self":[{"href":"https:\/\/archivio.cercoiltuovolto.it\/index.php?rest_route=\/wp\/v2\/posts\/231575","targetHints":{"allow":["GET"]}}],"collection":[{"href":"https:\/\/archivio.cercoiltuovolto.it\/index.php?rest_route=\/wp\/v2\/posts"}],"about":[{"href":"https:\/\/archivio.cercoiltuovolto.it\/index.php?rest_route=\/wp\/v2\/types\/post"}],"author":[{"embeddable":true,"href":"https:\/\/archivio.cercoiltuovolto.it\/index.php?rest_route=\/wp\/v2\/users\/3"}],"replies":[{"embeddable":true,"href":"https:\/\/archivio.cercoiltuovolto.it\/index.php?rest_route=%2Fwp%2Fv2%2Fcomments&post=231575"}],"version-history":[{"count":0,"href":"https:\/\/archivio.cercoiltuovolto.it\/index.php?rest_route=\/wp\/v2\/posts\/231575\/revisions"}],"wp:attachment":[{"href":"https:\/\/archivio.cercoiltuovolto.it\/index.php?rest_route=%2Fwp%2Fv2%2Fmedia&parent=231575"}],"wp:term":[{"taxonomy":"category","embeddable":true,"href":"https:\/\/archivio.cercoiltuovolto.it\/index.php?rest_route=%2Fwp%2Fv2%2Fcategories&post=231575"},{"taxonomy":"post_tag","embeddable":true,"href":"https:\/\/archivio.cercoiltuovolto.it\/index.php?rest_route=%2Fwp%2Fv2%2Ftags&post=231575"}],"curies":[{"name":"wp","href":"https:\/\/api.w.org\/{rel}","templated":true}]}}