{"id":231555,"date":"2010-12-15T05:00:05","date_gmt":"2010-12-15T05:00:05","guid":{"rendered":"https:\/\/archivio.cercoiltuovolto.it\/?p=231555"},"modified":"2010-12-15T05:00:05","modified_gmt":"2010-12-15T05:00:05","slug":"ebook-cattolici-nasce-eliber","status":"publish","type":"post","link":"https:\/\/archivio.cercoiltuovolto.it\/?p=231555","title":{"rendered":"eBook Cattolici &#8211; Nasce eLiber"},"content":{"rendered":"<p style=\"text-align: center;\"><a href=\"http:\/\/www.cercoiltuovolto.it\/wp-content\/uploads\/2010\/12\/eLiber-post.jpg\"><img loading=\"lazy\" decoding=\"async\" class=\"aligncenter size-medium wp-image-15996\" title=\"eLiber\" src=\"http:\/\/www.cercoiltuovolto.it\/wp-content\/uploads\/2010\/12\/eLiber-post-470x160.jpg\" alt=\"\" width=\"470\" height=\"160\" \/><\/a><\/p>\n<p style=\"text-align: justify;\">Si chiamer\u00e0 ELIBER la prima piattaforma web  cattolica per la distribuzione e vendita di <a href=\"http:\/\/www.libreriadelsanto.it?p=sot\"> e-book<\/a>, realizzata dal \u00abMessaggero  di sant\u2019Antonio\u00bb in partnership con LibreriadelSanto.it e Messaggero Distribuzione.<\/p>\n<p style=\"text-align: justify;\"><strong>Da oggi, 15 dicembre 2010<\/strong>, su LibreriadelSanto.it (la prima e pi\u00f9 grande  libreria cattolica online nata nel giugno 2007) sar\u00e0 possibile  acquistare i primi e-book di editori cattolici. Al lancio partecipano,  con titoli scelti, EDIZIONI MESSAGGERO PADOVA, LIBRERIA  EDITRICE VATICANA, ELLEDICI, CITT\u00c0 NUOVA, EDIZIONI PAOLINE,  CANTAGALLI, QUERINIANA eMARCIANUM PRESS.<\/p>\n<p style=\"text-align: justify;\">Ogni libro sar\u00e0 disponibile per l\u2019acquisto e l\u2019immediato download in 2  formati: <strong>ePub e pdf<\/strong>.  Si pagher\u00e0, per\u00f2, una sola volta, a differenza di  altri e-store presso  i quali occorre pagare per ogni formato. I file,  naturalmente,  resteranno a disposizione dell\u2019utente-acquirente nella sua area   riservata su LibreriadelSanto.it, senza limiti di  tempo. Da qui egli potr\u00e0 farne nuovamente il download ogni volta che  lo desidera.<\/p>\n<p style=\"text-align: justify;\">La scelta del doppio formato scaricabile nasce  dall\u2019attenzione  per teologi, filosofi, letterati, storici, ricercatori,  docenti e  uomini di studio in genere, che, oltre alla comodit\u00e0 di  poter leggere in  mobilit\u00e0 su device e-reader, hanno l\u2019esigenza di un  testo di riferimento  paginato, del tutto fedele alla pubblicazione  cartacea, anche per poter citare  correttamente l\u2019originale.<\/p>\n<p style=\"text-align: justify;\"><span style=\"color: #ff0000;\"><strong>In occasione del lancio vengono offerti gratis i primi 100 download dei  seguenti titoli delle Edizioni Messaggero Padova<\/strong><\/span>:<\/p>\n<ul>\n<li>Scritti cattolici.  Appunti di un cronista cristiano di Aldo Maria Valli; <\/li>\n<li>Nuovi  vizi. Italiani allo specchio di Ugo Sartorio; <\/li>\n<li>Penultime  notizie circa Ieshu\/Ges\u00f9 di Erri De Luca; <\/li>\n<li>Dialoghi  nel Cortile dei Gentili. Dove laici e cattolici si incontrano di Lorenzo Fazzini; <\/li>\n<li>Noi e l\u2019islam. Vent\u2019anni dopo di Paolo Branca<\/li>\n<\/ul>\n<p style=\"text-align: justify;\">L\u2019iniziativa non \u00e8 rivolta soltanto al libro. ELIBER, infatti, fin dal suo avvio ha voluto includere nel proprio progetto  anche la realt\u00e0 editoriale delle riviste teologiche e di attualit\u00e0  religiosa \u2013 in Italia sono assai numerose e con contenuti di estremo  interesse \u2013, che hanno purtroppo una circolazione molto limitata. Per  ora sono acquistabili \u00ab<strong>Credere Oggi<\/strong>\u00bb, \u00ab<strong>Rivista Liturgica<\/strong>\u00bb e\u00ab<strong>Parole  di Vita<\/strong>\u00bb,sia in formato pdf che ePub: l\u2019intero fascicolo o uno  o pi\u00f9 articoli al suo interno.<\/p>\n<p style=\"text-align: justify;\">ELIBER assicurer\u00e0 la distribuzione degli e-book non solo su  LibreriadelSanto.it, shop di riferimento per l\u2019editoria  cattolica, ma anche su altre librerie online.<\/p>\n<p style=\"text-align: justify;\">La piattaforma ELIBER \u00e8 attiva dal giorno 15 dicembre 2010,  sull\u2019e-store <a href=\"http:\/\/www.libreriadelsanto.it?p=sot\">www.libreriadelsanto.it<\/a><\/p>\n<p style=\"text-align: center;\">[oembed] {&#8220;url&#8221;:&#8221;http:\/\/www.youtube.com\/watch?v=SAeSUECbRgY&amp;feature=youtube_gdata&#8221;, &#8220;width&#8221;:480, &#8220;height&#8221;:360} [\/oembed]<\/p>\n","protected":false},"excerpt":{"rendered":"<p>Si chiamer\u00e0 ELIBER la prima piattaforma web cattolica per la distribuzione e vendita di e-book, realizzata dal \u00abMessaggero di sant\u2019Antonio\u00bb in partnership con LibreriadelSanto.it e Messaggero Distribuzione. Da oggi, 15 dicembre 2010, su LibreriadelSanto.it (la prima e pi\u00f9 grande libreria cattolica online nata nel giugno 2007) sar\u00e0 possibile acquistare i primi e-book di editori cattolici&#8230;.<\/p>\n","protected":false},"author":3,"featured_media":0,"comment_status":"closed","ping_status":"closed","sticky":false,"template":"","format":"standard","meta":{"_kad_post_transparent":"","_kad_post_title":"","_kad_post_layout":"","_kad_post_sidebar_id":"","_kad_post_content_style":"","_kad_post_vertical_padding":"","_kad_post_feature":"","_kad_post_feature_position":"","_kad_post_header":false,"_kad_post_footer":false,"_kad_post_classname":"","footnotes":""},"categories":[100,359],"tags":[154,17],"class_list":["post-231555","post","type-post","status-publish","format-standard","hentry","category-100","category-ebook","tag-iniziative","tag-libri"],"_links":{"self":[{"href":"https:\/\/archivio.cercoiltuovolto.it\/index.php?rest_route=\/wp\/v2\/posts\/231555","targetHints":{"allow":["GET"]}}],"collection":[{"href":"https:\/\/archivio.cercoiltuovolto.it\/index.php?rest_route=\/wp\/v2\/posts"}],"about":[{"href":"https:\/\/archivio.cercoiltuovolto.it\/index.php?rest_route=\/wp\/v2\/types\/post"}],"author":[{"embeddable":true,"href":"https:\/\/archivio.cercoiltuovolto.it\/index.php?rest_route=\/wp\/v2\/users\/3"}],"replies":[{"embeddable":true,"href":"https:\/\/archivio.cercoiltuovolto.it\/index.php?rest_route=%2Fwp%2Fv2%2Fcomments&post=231555"}],"version-history":[{"count":0,"href":"https:\/\/archivio.cercoiltuovolto.it\/index.php?rest_route=\/wp\/v2\/posts\/231555\/revisions"}],"wp:attachment":[{"href":"https:\/\/archivio.cercoiltuovolto.it\/index.php?rest_route=%2Fwp%2Fv2%2Fmedia&parent=231555"}],"wp:term":[{"taxonomy":"category","embeddable":true,"href":"https:\/\/archivio.cercoiltuovolto.it\/index.php?rest_route=%2Fwp%2Fv2%2Fcategories&post=231555"},{"taxonomy":"post_tag","embeddable":true,"href":"https:\/\/archivio.cercoiltuovolto.it\/index.php?rest_route=%2Fwp%2Fv2%2Ftags&post=231555"}],"curies":[{"name":"wp","href":"https:\/\/api.w.org\/{rel}","templated":true}]}}