{"id":231545,"date":"2010-12-13T09:06:56","date_gmt":"2010-12-13T09:06:56","guid":{"rendered":"https:\/\/archivio.cercoiltuovolto.it\/?p=231545"},"modified":"2010-12-13T09:06:56","modified_gmt":"2010-12-13T09:06:56","slug":"enzo-bianchi-ogni-cosa-alla-sua-stagione","status":"publish","type":"post","link":"https:\/\/archivio.cercoiltuovolto.it\/?p=231545","title":{"rendered":"Enzo Bianchi &#8211; Ogni cosa alla sua stagione"},"content":{"rendered":"<p style=\"text-align: justify;\">Dala trasmissione del <a href=\"http:\/\/www.radio3.rai.it\/dl\/radio3\/programmi\/puntata\/ContentItem-514a4dd6-e71f-4cc4-9c59-42b9df7a7de1.html\">4 dicembre 2010<\/a> di Uomini e Profeti (radio Rai 3)<\/p>\n<blockquote>\n<p style=\"text-align: justify;\"><em>Quella di oggi sar\u00e0 una sorta di meditazione sul tempo. Con Enzo Bianchi,  nostro ospite, un percorso all\u2019indietro nella memoria, per cercare di  rispondere alla domanda: che cosa rende un uomo quello che \u00e8? Attraverso  la narrazione del suo ultimo libro, Ogni cosa alla sua stagione,  ripercorriamo con lui il senso dei paesaggi contadini, la vita dura e  semplice di un tempo, le tenaci amicizie dell\u2019infanzia, gli uomini e  donne che gli hanno permesso di \u201cimparare a vivere\u201d, una religiosit\u00e0  scarna ma risoluta. Sottesa alla narrazione autobiografica, un\u2019altra  linea, pi\u00f9 nascosta, ma fermamente presente, che ci fa capire che cosa  significa vivere per un monaco, e in definitiva, che cosa significa  vivere per un cristiano. Forse, alla fine, nient\u2019altro che rispondere  con pienezza alle prove che incontriamo, rispondere al compito di  umanit\u00e0 a cui siamo chiamati. Enzo Bianchi ci propone\u00a0 un viaggio che si  apre e si chiude dentro la sua cella di monaco, ma che sa spaziare per  il mondo e attraversare gli angoli della vita.<\/em><\/p>\n<\/blockquote>\n<h2 style=\"text-align: justify;\"><a href=\"http:\/\/www.cercoiltuovolto.it\/wp-content\/uploads\/2010\/12\/Ogni-cosa-alla-sua-stagione.jpg\"><img loading=\"lazy\" decoding=\"async\" class=\"alignleft size-medium wp-image-15948\" title=\"Ogni cosa alla sua stagione\" src=\"http:\/\/www.cercoiltuovolto.it\/wp-content\/uploads\/2010\/12\/Ogni-cosa-alla-sua-stagione-189x300.jpg\" alt=\"\" width=\"189\" height=\"300\" \/><\/a>Il libro<\/h2>\n<p style=\"text-align: justify;\">&#8220;Ora che avverto quotidianamente l&#8217;incedere della vecchiaia, la memoria  mi riporta sovente ai luoghi in cui ho vissuto&#8230;&#8221; dice Enzo Bianchi che  parte con cuore, testa e memoria, alla ricerca di tutti i luoghi che  hanno suscitato in lui affetti e sentimenti, dove ha trascorso  l&#8217;infanzia o che ha raggiunto viaggiando. E noi partiamo con lui. Quelli  che visitiamo sono angoli di mondo ma anche luoghi della vita e  dell&#8217;anima. Sono il Monferrato con le sue colline, i &#8220;bric&#8221;, il paese  con la sua comunit\u00e0, le usanze, i proverbi, l&#8217;esistenza grama, la fatica  e i momenti di forte e gratuita solidariet\u00e0. Sono la cella del monaco,  un luogo da dove osservare il mondo, dove diventare consapevoli delle  gioie e delle sofferenze e dove prendono forma le parole con cui narrare  qualcosa della vita. Un luogo in cui si ripropone sovente la domanda:  che ne \u00e8 di noi? Perch\u00e9 questo viaggio, naturalmente, \u00e8 anche un viaggio  nel tempo, un viaggio nella vita che scorre, nei giorni di un uomo e in  quelli delle stagioni. Sono i giorni del focolare, passati a tavola  conversando insieme ai famigliari e all&#8217;ospite, gustando il cibo  preparato con cura e bevendo il vino che celebra e festeggia. Ma sono  anche le vacanze di Natale, quando i bambini aspettavano la festa  preparando il presepe e la sera della vigilia il grande ceppo, els\u00f9c &#8216;d  Nad\u00e0l, ardeva nel camino. Sono tutti giorni che attraversano il tempo e  fanno parte del nostro vivere: alcuni ci fanno soffrire, altri ci  rallegrano e ancora ci stupiscono.<\/p>\n<div class=\"powerpressbox\">[powerpress] <br \/>\n In caso di mancato funzionamento, \u00e8 possibile scaricare il file mp3 <a href=\"http:\/\/cid-7e678cf4a2bd73de.office.live.com\/browse.aspx\/.Public\/Radio%20Rai\">da questo link<\/a><\/div>\n<p class=\"acquista-paragrafo\"><a href=\"http:\/\/www.libreriadelsanto.it\/libri\/9788806204655\/ogni-cosa-alla-sua-stagione.html?p=sot\" target=\"_blank\">Acquista il libro<\/a> su Libreria del Santo<\/p>\n","protected":false},"excerpt":{"rendered":"<p>Dala trasmissione del 4 dicembre 2010 di Uomini e Profeti (radio Rai 3) Quella di oggi sar\u00e0 una sorta di meditazione sul tempo. Con Enzo Bianchi, nostro ospite, un percorso all\u2019indietro nella memoria, per cercare di rispondere alla domanda: che cosa rende un uomo quello che \u00e8? Attraverso la narrazione del suo ultimo libro, Ogni&#8230;<\/p>\n","protected":false},"author":3,"featured_media":0,"comment_status":"closed","ping_status":"closed","sticky":false,"template":"","format":"standard","meta":{"_kad_post_transparent":"","_kad_post_title":"","_kad_post_layout":"","_kad_post_sidebar_id":"","_kad_post_content_style":"","_kad_post_vertical_padding":"","_kad_post_feature":"","_kad_post_feature_position":"","_kad_post_header":false,"_kad_post_footer":false,"_kad_post_classname":"","footnotes":""},"categories":[100,149],"tags":[17,31],"class_list":["post-231545","post","type-post","status-publish","format-standard","hentry","category-100","category-interviste","tag-libri","tag-radio-nel-web"],"_links":{"self":[{"href":"https:\/\/archivio.cercoiltuovolto.it\/index.php?rest_route=\/wp\/v2\/posts\/231545","targetHints":{"allow":["GET"]}}],"collection":[{"href":"https:\/\/archivio.cercoiltuovolto.it\/index.php?rest_route=\/wp\/v2\/posts"}],"about":[{"href":"https:\/\/archivio.cercoiltuovolto.it\/index.php?rest_route=\/wp\/v2\/types\/post"}],"author":[{"embeddable":true,"href":"https:\/\/archivio.cercoiltuovolto.it\/index.php?rest_route=\/wp\/v2\/users\/3"}],"replies":[{"embeddable":true,"href":"https:\/\/archivio.cercoiltuovolto.it\/index.php?rest_route=%2Fwp%2Fv2%2Fcomments&post=231545"}],"version-history":[{"count":0,"href":"https:\/\/archivio.cercoiltuovolto.it\/index.php?rest_route=\/wp\/v2\/posts\/231545\/revisions"}],"wp:attachment":[{"href":"https:\/\/archivio.cercoiltuovolto.it\/index.php?rest_route=%2Fwp%2Fv2%2Fmedia&parent=231545"}],"wp:term":[{"taxonomy":"category","embeddable":true,"href":"https:\/\/archivio.cercoiltuovolto.it\/index.php?rest_route=%2Fwp%2Fv2%2Fcategories&post=231545"},{"taxonomy":"post_tag","embeddable":true,"href":"https:\/\/archivio.cercoiltuovolto.it\/index.php?rest_route=%2Fwp%2Fv2%2Ftags&post=231545"}],"curies":[{"name":"wp","href":"https:\/\/api.w.org\/{rel}","templated":true}]}}