{"id":231540,"date":"2010-12-12T10:40:45","date_gmt":"2010-12-12T10:40:45","guid":{"rendered":"https:\/\/archivio.cercoiltuovolto.it\/?p=231540"},"modified":"2010-12-12T10:40:45","modified_gmt":"2010-12-12T10:40:45","slug":"commento-al-vangelo-del-12-dicembre-2010-p-massimo-granieri","status":"publish","type":"post","link":"https:\/\/archivio.cercoiltuovolto.it\/?p=231540","title":{"rendered":"Commento al Vangelo del 12 dicembre 2010 &#8211; p. Massimo Granieri"},"content":{"rendered":"<p style=\"text-align: center;\">\n<p style=\"text-align: justify;\">Il commento sulla Parola di Dio proclamata durante la liturgia festiva.\u00a0In onda la domenica alle ore 8.05 del mattino su <a href=\"http:\/\/rlb.it\/\" target=\"_blank\">RLB<\/a>. Una canzone chiude la riflessione, riassumendo i punti essenziali del messaggio.<\/p>\n<blockquote>\n<p style=\"text-align: justify;\">\u201cRallegratevi sempre nel Signore: ve lo ripeto, rallegratevi, il Signore \u00e8 vicino\u201d. E\u2019 l\u2019invito alla gioia di \u00a0San Paolo apostolo che risuona nella celebrazione di questa domenica. L\u2019avvento \u00e8 tempo di gioia, di attesa della venuta del Santo Bambino portatore di gioia.<\/p>\n<\/blockquote>\n<blockquote>\n<p><strong>Vangelo Mt 11,2-11<\/strong><\/p>\n<p><em>Sei tu colui che deve venire o dobbiamo aspettare un altro?<\/em><\/p>\n<p style=\"text-align: justify;\">In quel tempo, Giovanni, che era in carcere, avendo sentito parlare delle opere del Cristo, per mezzo dei suoi discepoli mand\u00f2 a dirgli: \u00abSei tu colui che deve venire o dobbiamo aspettare un altro?\u00bb. Ges\u00f9 rispose loro: \u00abAndate e riferite a Giovanni ci\u00f2 che udite e vedete: I ciechi riacquistano la vista, gli zoppi camminano, i lebbrosi sono purificati, i sordi odono, i morti risuscitano, ai poveri \u00e8 annunciato il Vangelo. E beato \u00e8 colui che non trova in me motivo di scandalo!\u00bb.<\/p>\n<p style=\"text-align: justify;\">Mentre quelli se ne andavano, Ges\u00f9 si mise a parlare di Giovanni alle folle: \u00abChe cosa siete andati a vedere nel deserto? Una canna sbattuta dal vento? Allora, che cosa siete andati a vedere? Un uomo vestito con abiti di lusso? Ecco, quelli che vestono abiti di lusso stanno nei palazzi dei re! Ebbene, che cosa siete andati a vedere? Un profeta? S\u00ec, io vi dico, anzi, pi\u00f9 che un profeta. Egli \u00e8 colui del quale sta scritto: \u201cEcco, dinanzi a te io mando il mio messaggero, davanti a te egli preparer\u00e0 la tua via\u201d.<\/p>\n<p>In verit\u00e0 io vi dico: fra i nati da donna non \u00e8 sorto alcuno pi\u00f9 grande di Giovanni il Battista; ma il pi\u00f9 piccolo nel regno dei cieli \u00e8 pi\u00f9 grande di lui\u00bb.<\/p>\n<\/blockquote>\n<div class=\"powerpressbox\" style=\"text-align: justify;\">[powerpress]<\/div>\n<p class=\"link\">Fonte: <a href=\"http:\/\/www.maxgranieri.it\/2010\/la-buona-notizia\/rallegratevi-ai-poveri-e-annunciato-il-vangelo\/\">p. Massimo Granieri<\/a><\/p>\n","protected":false},"excerpt":{"rendered":"<p>Il commento sulla Parola di Dio proclamata durante la liturgia festiva.\u00a0In onda la domenica alle ore 8.05 del mattino su RLB. Una canzone chiude la riflessione, riassumendo i punti essenziali del messaggio. \u201cRallegratevi sempre nel Signore: ve lo ripeto, rallegratevi, il Signore \u00e8 vicino\u201d. E\u2019 l\u2019invito alla gioia di \u00a0San Paolo apostolo che risuona nella&#8230;<\/p>\n","protected":false},"author":3,"featured_media":0,"comment_status":"closed","ping_status":"closed","sticky":false,"template":"","format":"standard","meta":{"_kad_post_transparent":"","_kad_post_title":"","_kad_post_layout":"","_kad_post_sidebar_id":"","_kad_post_content_style":"","_kad_post_vertical_padding":"","_kad_post_feature":"","_kad_post_feature_position":"","_kad_post_header":false,"_kad_post_footer":false,"_kad_post_classname":"","footnotes":""},"categories":[100,112],"tags":[5,385,31],"class_list":["post-231540","post","type-post","status-publish","format-standard","hentry","category-100","category-avvento","tag-commento-al-vangelo","tag-passionisti","tag-radio-nel-web"],"_links":{"self":[{"href":"https:\/\/archivio.cercoiltuovolto.it\/index.php?rest_route=\/wp\/v2\/posts\/231540","targetHints":{"allow":["GET"]}}],"collection":[{"href":"https:\/\/archivio.cercoiltuovolto.it\/index.php?rest_route=\/wp\/v2\/posts"}],"about":[{"href":"https:\/\/archivio.cercoiltuovolto.it\/index.php?rest_route=\/wp\/v2\/types\/post"}],"author":[{"embeddable":true,"href":"https:\/\/archivio.cercoiltuovolto.it\/index.php?rest_route=\/wp\/v2\/users\/3"}],"replies":[{"embeddable":true,"href":"https:\/\/archivio.cercoiltuovolto.it\/index.php?rest_route=%2Fwp%2Fv2%2Fcomments&post=231540"}],"version-history":[{"count":0,"href":"https:\/\/archivio.cercoiltuovolto.it\/index.php?rest_route=\/wp\/v2\/posts\/231540\/revisions"}],"wp:attachment":[{"href":"https:\/\/archivio.cercoiltuovolto.it\/index.php?rest_route=%2Fwp%2Fv2%2Fmedia&parent=231540"}],"wp:term":[{"taxonomy":"category","embeddable":true,"href":"https:\/\/archivio.cercoiltuovolto.it\/index.php?rest_route=%2Fwp%2Fv2%2Fcategories&post=231540"},{"taxonomy":"post_tag","embeddable":true,"href":"https:\/\/archivio.cercoiltuovolto.it\/index.php?rest_route=%2Fwp%2Fv2%2Ftags&post=231540"}],"curies":[{"name":"wp","href":"https:\/\/api.w.org\/{rel}","templated":true}]}}