{"id":231534,"date":"2010-12-10T20:25:26","date_gmt":"2010-12-10T20:25:26","guid":{"rendered":"https:\/\/archivio.cercoiltuovolto.it\/?p=231534"},"modified":"2010-12-10T20:25:26","modified_gmt":"2010-12-10T20:25:26","slug":"commento-al-vangelo-del-12-dicembre-2010-don-mauro-pozzi","status":"publish","type":"post","link":"https:\/\/archivio.cercoiltuovolto.it\/?p=231534","title":{"rendered":"Commento al Vangelo del 12 dicembre 2010 &#8211; don Mauro Pozzi"},"content":{"rendered":"<p style=\"text-align: center;\">\n<p style=\"text-align: justify;\">Il commento al Vangelo della domenica a cura di don Mauro Pozzi parrocco della Parrocchia S. Giovanni Battista, Novara.<\/p>\n<p style=\"text-align: center;\">[oembed] {&#8220;url&#8221;:&#8221;http:\/\/www.youtube.com\/watch?v=kualZt50Nyc&#8221;, &#8220;width&#8221;:480, &#8220;height&#8221;:360} [\/oembed]<\/p>\n<blockquote>\n<p><strong>AFFIDATI A LUI <\/strong><\/p>\n<p>Giovanni \u00e8 in carcere e presto sar\u00e0 decapitato. Capisce che la sua vita \u00e8 alla fine e cerca la prova che Ges\u00f9 \u00e8 proprio il Messia. Il Maestro gli risponde con i fatti che confermano, secondo quello che i profeti aveva- no preannunciato, che il Cristo \u00e8 lui. Potrebbe sembrare che Giovanni manchi di fede, ma \u00e8 Ges\u00f9 stesso che costruisce la sua difesa: il Batti- sta non \u00e8 solo un profeta, ma il pi\u00f9 grande tra i nati di donna. Tuttavia non \u00e8 ancora nel Regno, perci\u00f2 non gode per il momento della visione di Dio e dunque soffre ancora della debolezza umana. Per questo nella solitudine del carcere ha bisogno di essere sostenuto. Ges\u00f9 capisce subito questa sua necessit\u00e0 e non lo rimprovera, anzi lo loda pubblicamente. \u00c8 bello vedere questa delicatezza, che ci fa intendere che il Maestro conosce perfettamente la nostra natura ed \u00e8 pronto a sostenerci. Siamo noi questi ciechi, sordi, lebbrosi, storpi, addirittura morti, malati di peccato, deboli e con poca fede, ma lui ci guarisce e ci resuscita. Questa \u00e8 la gioia del Natale, dell\u2019Incarnazione. Ecco perch\u00e9 il profeta Isaia dice: coraggio egli viene a salvarvi! Tutto il vangelo \u00e8 costellato da storie di guarigioni straordinarie, quelle vicende sono un segno per noi. Tutti coloro che hanno ottenuto la grazia della guarigione hanno in comune la fede: si sono rivolti a Ges\u00f9 con fiducia e umilt\u00e0. Abbi piet\u00e0 di me, questa \u00e8 l\u2019invocazione pi\u00f9 frequente di quegli uomini sofferenti. Anche noi possiamo essere guariti dal male del peccato, ma dobbiamo avere la stessa fiducia. Soprattutto dobbiamo renderci conto che siamo malati. La cosa pi\u00f9 brutta che possa capitarci \u00e8 credere di essere a posto, come il fariseo che ringrazia perch\u00e9 lui non \u00e8 peccatore e fa bene i suoi doveri di religioso. Se cos\u00ec fosse perch\u00e9 Dio si sarebbe dovuto fare uomo? Saremmo bastati a noi stessi. Occorre invece che ci mettiamo nelle sue mani. Il Natale \u00e8 un atto pedagogico di Dio, il quale si fa bambino, cio\u00e8 piccolo e indifeso, e si affida totalmente alle mani dei suoi genitori, per insegnarci che anche noi dobbiamo metterci nelle mani del Padre. I bambini non crescono da soli, senza cura muoiono. Il messaggio del Natale \u00e8 questo: lascia che il Padre si prenda cura di te.<\/p>\n<\/blockquote>\n","protected":false},"excerpt":{"rendered":"<p>Il commento al Vangelo della domenica a cura di don Mauro Pozzi parrocco della Parrocchia S. Giovanni Battista, Novara. [oembed] {&#8220;url&#8221;:&#8221;http:\/\/www.youtube.com\/watch?v=kualZt50Nyc&#8221;, &#8220;width&#8221;:480, &#8220;height&#8221;:360} [\/oembed] AFFIDATI A LUI Giovanni \u00e8 in carcere e presto sar\u00e0 decapitato. Capisce che la sua vita \u00e8 alla fine e cerca la prova che Ges\u00f9 \u00e8 proprio il Messia. Il Maestro&#8230;<\/p>\n","protected":false},"author":3,"featured_media":0,"comment_status":"closed","ping_status":"closed","sticky":false,"template":"","format":"standard","meta":{"_kad_post_transparent":"","_kad_post_title":"","_kad_post_layout":"","_kad_post_sidebar_id":"","_kad_post_content_style":"","_kad_post_vertical_padding":"","_kad_post_feature":"","_kad_post_feature_position":"","_kad_post_header":false,"_kad_post_footer":false,"_kad_post_classname":"","footnotes":""},"categories":[100,112],"tags":[5,388,172],"class_list":["post-231534","post","type-post","status-publish","format-standard","hentry","category-100","category-avvento","tag-commento-al-vangelo","tag-don-mauro-pozzi","tag-vangelo-della-domenica"],"_links":{"self":[{"href":"https:\/\/archivio.cercoiltuovolto.it\/index.php?rest_route=\/wp\/v2\/posts\/231534","targetHints":{"allow":["GET"]}}],"collection":[{"href":"https:\/\/archivio.cercoiltuovolto.it\/index.php?rest_route=\/wp\/v2\/posts"}],"about":[{"href":"https:\/\/archivio.cercoiltuovolto.it\/index.php?rest_route=\/wp\/v2\/types\/post"}],"author":[{"embeddable":true,"href":"https:\/\/archivio.cercoiltuovolto.it\/index.php?rest_route=\/wp\/v2\/users\/3"}],"replies":[{"embeddable":true,"href":"https:\/\/archivio.cercoiltuovolto.it\/index.php?rest_route=%2Fwp%2Fv2%2Fcomments&post=231534"}],"version-history":[{"count":0,"href":"https:\/\/archivio.cercoiltuovolto.it\/index.php?rest_route=\/wp\/v2\/posts\/231534\/revisions"}],"wp:attachment":[{"href":"https:\/\/archivio.cercoiltuovolto.it\/index.php?rest_route=%2Fwp%2Fv2%2Fmedia&parent=231534"}],"wp:term":[{"taxonomy":"category","embeddable":true,"href":"https:\/\/archivio.cercoiltuovolto.it\/index.php?rest_route=%2Fwp%2Fv2%2Fcategories&post=231534"},{"taxonomy":"post_tag","embeddable":true,"href":"https:\/\/archivio.cercoiltuovolto.it\/index.php?rest_route=%2Fwp%2Fv2%2Ftags&post=231534"}],"curies":[{"name":"wp","href":"https:\/\/api.w.org\/{rel}","templated":true}]}}