{"id":231530,"date":"2010-12-10T08:38:31","date_gmt":"2010-12-10T08:38:31","guid":{"rendered":"https:\/\/archivio.cercoiltuovolto.it\/?p=231530"},"modified":"2010-12-10T08:38:31","modified_gmt":"2010-12-10T08:38:31","slug":"commento-al-vangelo-del-12-dicembre-2010-mons-andrea-caniato","status":"publish","type":"post","link":"https:\/\/archivio.cercoiltuovolto.it\/?p=231530","title":{"rendered":"Commento al Vangelo del 12 dicembre 2010 &#8211; mons. Andrea Caniato"},"content":{"rendered":"<p style=\"text-align: center;\">\n<p style=\"text-align: justify;\">12PORTE del 9 dicembre 2010 &#8211; III domenica di Avvento.<\/p>\n<blockquote>\n<p style=\"text-align: justify;\"><strong><em>Mt 11, 2-11<\/em><br \/>\n<em>Dal Vangelo secondo\u00a0Matteo<\/em><\/strong><br \/>\nIn  quel tempo, Giovanni, che era in carcere, avendo sentito parlare delle  opere del Cristo, per mezzo dei suoi discepoli mand\u00f2 a dirgli: \u00abSei tu  colui che deve venire o dobbiamo aspettare un altro?\u00bb. Ges\u00f9 rispose  loro: \u00abAndate e riferite a Giovanni ci\u00f2 che udite e vedete: I ciechi  riacquistano la vista, gli zoppi camminano, i lebbrosi sono purificati, i  sordi odono, i morti risuscitano, ai poveri \u00e8 annunciato il Vangelo. E  beato \u00e8 colui che non trova in me motivo di scandalo!\u00bb.<br \/>\n Mentre  quelli se ne andavano, Ges\u00f9 si mise a parlare di Giovanni alle folle:  \u00abChe cosa siete andati a vedere nel deserto? Una canna sbattuta dal  vento? Allora, che cosa siete andati a vedere? Un uomo vestito con abiti  di lusso? Ecco, quelli che vestono abiti di lusso stanno nei palazzi  dei re! Ebbene, che cosa siete andati a vedere? Un profeta? S\u00ec, io vi  dico, anzi, pi\u00f9 che un profeta. Egli \u00e8 colui del quale sta scritto:  \u201cEcco, dinanzi a te io mando il mio messaggero, davanti a te egli  preparer\u00e0 la tua via\u201d.<br \/>\n In verit\u00e0 io vi dico: fra i nati da donna non  \u00e8 sorto alcuno pi\u00f9 grande di Giovanni il Battista; ma il pi\u00f9 piccolo  nel regno dei cieli \u00e8 pi\u00f9 grande di lui\u00bb.<br \/>\nC: Parola del Signore.<br \/>\nA: Lode a Te o Cristo.<\/p>\n<\/blockquote>\n<p style=\"text-align: center;\">[oembed] {&#8220;url&#8221;:&#8221;http:\/\/www.youtube.com\/watch?v=RKJNGLr1Q58&#8243;, &#8220;width&#8221;:480, &#8220;height&#8221;:360} [\/oembed]<\/p>\n<blockquote>\n<p style=\"text-align: justify;\">&#8220;Rallegratevi nel Signore sempre. Il Signore \u00e8 vicino.&#8221; (Fil 4, 4).<\/p>\n<p style=\"text-align: justify;\">Con  queste parole di san Paolo si apre la santa Messa della III Domenica di  Avvento. L&#8217;Apostolo esorta i cristiani a gioire perch\u00e9 la venuta del  Signore, cio\u00e8 il suo ritorno glorioso, \u00e8 sicuro e non tarder\u00e0. La Chiesa  fa proprio questo invito, mentre si prepara a celebrare il Natale e il  suo sguardo si dirige sempre pi\u00f9 verso Betlemme. La gioia cristiana  scaturisce pertanto da questa certezza: Dio \u00e8 vicino, \u00e8 con me, \u00e8 con  noi, nella gioia e nel dolore, nella salute e nella malattia, come amico  e sposo fedele. Ma come mostra la pagina evangelica, la gioia cristiana  \u00e8 una gioia provata dal dubbio, dalla delusione, dalla sofferenza.  Giovanni Battista, il pi\u00f9 grande tra gli uomini di Dio, (\u00e8 Ges\u00f9 stesso  che lo dice) \u00e8 in carcere e per la sua fede vede il rischio concreto di  essere condannato a morte. Manda a chiedere al Signore: vuole essere  sicuro di non essersi illuso a dedicargli la vita.<br \/>\nQuesto \u00e8 un passaggio importante del cammino di fede. <br \/>\nVedete,  la vita del cristiano \u00e8 uguale alla vita del non credente. Con le sue  poche gioie e consolazioni e con i suoi tanti problemi. Non \u00e8 che perch\u00e9  uno \u00e8 cristiano gli vengono risparmiate le sofferenze, i dubbi, i  problemi. La fede non \u00e8 un parafulmine contro i guai e neppure  l&#8217;assicurazione della felicit\u00e0 in questo mondo. Il dubbio nella prova,  vissuto dal Battista, illumina i tanti momenti difficili del nostro  percorso di fede.<br \/>\nE Ges\u00f9 porta una luce, una luce che scende in  profondit\u00e0, e ti da occhi nuovi per riconoscere che Dio \u00e8 all&#8217;opera e  prepara la vittoria. &#8220;Beato \u00e8 colui che non trova in me motivo di  scandalo!&#8221;.<br \/>\nEcco che cosa \u00e8 la fede: la grazia di riconoscere che  nonostante tutti i segni apparentemente contrari, Dio \u00e8 presente ed \u00e8  all&#8217;opera nel mondo e ci rende capaci di amare con cuore generoso, di  annunciare il vangelo, di farci camminare diritti sulle strade storte di  questo mondo.<br \/>\nLa gioia del Natale, dunque, non \u00e8 una gioia a buon  mercato. Non \u00e8 una parentesi sulle sofferenze e le difficolt\u00e0 della  vita. Ma anche a Natale si pu\u00f2 sbagliare strada! Il Signore \u00e8 talmente  vicino che potresti non accorgerti di lui.<br \/>\n(mons. Andrea Caniato)<\/p>\n<\/blockquote>\n","protected":false},"excerpt":{"rendered":"<p>12PORTE del 9 dicembre 2010 &#8211; III domenica di Avvento. Mt 11, 2-11 Dal Vangelo secondo\u00a0Matteo In quel tempo, Giovanni, che era in carcere, avendo sentito parlare delle opere del Cristo, per mezzo dei suoi discepoli mand\u00f2 a dirgli: \u00abSei tu colui che deve venire o dobbiamo aspettare un altro?\u00bb. Ges\u00f9 rispose loro: \u00abAndate e&#8230;<\/p>\n","protected":false},"author":3,"featured_media":0,"comment_status":"closed","ping_status":"closed","sticky":false,"template":"","format":"standard","meta":{"_kad_post_transparent":"","_kad_post_title":"","_kad_post_layout":"","_kad_post_sidebar_id":"","_kad_post_content_style":"","_kad_post_vertical_padding":"","_kad_post_feature":"","_kad_post_feature_position":"","_kad_post_header":false,"_kad_post_footer":false,"_kad_post_classname":"","footnotes":""},"categories":[100,112],"tags":[5,172,83],"class_list":["post-231530","post","type-post","status-publish","format-standard","hentry","category-100","category-avvento","tag-commento-al-vangelo","tag-vangelo-della-domenica","tag-youtube"],"_links":{"self":[{"href":"https:\/\/archivio.cercoiltuovolto.it\/index.php?rest_route=\/wp\/v2\/posts\/231530","targetHints":{"allow":["GET"]}}],"collection":[{"href":"https:\/\/archivio.cercoiltuovolto.it\/index.php?rest_route=\/wp\/v2\/posts"}],"about":[{"href":"https:\/\/archivio.cercoiltuovolto.it\/index.php?rest_route=\/wp\/v2\/types\/post"}],"author":[{"embeddable":true,"href":"https:\/\/archivio.cercoiltuovolto.it\/index.php?rest_route=\/wp\/v2\/users\/3"}],"replies":[{"embeddable":true,"href":"https:\/\/archivio.cercoiltuovolto.it\/index.php?rest_route=%2Fwp%2Fv2%2Fcomments&post=231530"}],"version-history":[{"count":0,"href":"https:\/\/archivio.cercoiltuovolto.it\/index.php?rest_route=\/wp\/v2\/posts\/231530\/revisions"}],"wp:attachment":[{"href":"https:\/\/archivio.cercoiltuovolto.it\/index.php?rest_route=%2Fwp%2Fv2%2Fmedia&parent=231530"}],"wp:term":[{"taxonomy":"category","embeddable":true,"href":"https:\/\/archivio.cercoiltuovolto.it\/index.php?rest_route=%2Fwp%2Fv2%2Fcategories&post=231530"},{"taxonomy":"post_tag","embeddable":true,"href":"https:\/\/archivio.cercoiltuovolto.it\/index.php?rest_route=%2Fwp%2Fv2%2Ftags&post=231530"}],"curies":[{"name":"wp","href":"https:\/\/api.w.org\/{rel}","templated":true}]}}