{"id":231522,"date":"2010-12-10T06:00:58","date_gmt":"2010-12-10T06:00:58","guid":{"rendered":"https:\/\/archivio.cercoiltuovolto.it\/?p=231522"},"modified":"2010-12-10T06:00:58","modified_gmt":"2010-12-10T06:00:58","slug":"roma-educati-alla-carita-nella-verita","status":"publish","type":"post","link":"https:\/\/archivio.cercoiltuovolto.it\/?p=231522","title":{"rendered":"Roma &#8211; &#8220;Educati alla carit\u00e0 nella verit\u00e0&#8221;"},"content":{"rendered":"<p style=\"text-align: center;\"><a href=\"http:\/\/www.cercoiltuovolto.it\/wp-content\/uploads\/2010\/12\/convegno-roma.jpg\"><img loading=\"lazy\" decoding=\"async\" class=\"aligncenter size-full wp-image-15820\" title=\"ROMA 13-11-2010 CONVEGNO CARITAS  - EDUCATI ALLA CARITA' NELLA VITA  DA SX:  DAL COVOLO - AGOSTINO VALLINI - ENRICO FEROCI  PH: CRISTIAN GENNARI\" src=\"http:\/\/www.cercoiltuovolto.it\/wp-content\/uploads\/2010\/12\/convegno-roma.jpg\" alt=\"\" width=\"448\" height=\"254\" \/><\/a><\/p>\n<blockquote>\n<p style=\"text-align: justify;\"><em>\u00abRoma ha bisogno di uomini e donne il cui stile di vita sia caratterizzato dalla carit\u00e0\u00bb. \u00c8 con questo incitamento che il <strong>cardinale vicario Agostino Vallini<\/strong> ha salutato gli oltre mille partecipanti al Convegno diocesano della  carit\u00e0 che si \u00e8 svolto lo scorso <strong>13 novembre <\/strong>all&#8217;Universit\u00e0 Lateranense.  L&#8217;incontro, dal tema <strong>&#8220;Educati alla carit\u00e0 nella verit\u00e0&#8221;<\/strong>,  \u00e8 stato organizzato dalla Caritas diocesana nell&#8217;ambito del percorso  formativo degli operatori parrocchiali promosso in occasione della  verifica pastorale su Eucarestia e Testimonianza della carit\u00e0. <br \/>\n 192 le parrocchie rappresentate, numerosi anche i partecipanti  provenienti dai movimenti ecclesiali, i sacerdoti ed i diaconi. \u00ab\u00c8 la  cattedra dei piccoli e degli umili, la Caritas della strada, che si  rivolge alla Caritas dell&#8217;intelletto in questa prestigiosa universit\u00e0,  per dire cha abbiamo bisogno di idee portanti\u00bb, ha dichiarato il  direttore della Caritas diocesana, <strong>monsignor Enrico Feroci<\/strong>.<br \/>\n Nell&#8217;introduzione al convegno, il cardinale Vallini ha sottolineato come  la verifica pastorale, che \u00abaltro non \u00e8 che l&#8217;interrogarsi di come  essere discepoli di Ges\u00f9\u00bb, sia un cammino faticoso e molto promettente  \u00abin questo inizio del terzo millennio segnato da sfide epocali cui siamo  chiamati a misurarci\u00bb. Il vicario del Papa ha poi ricordato, citando  San Giacomo, come \u00abla fede senza le opere dell&#8217;amore \u00e8 morta\u00bb. Con  questa considerazione ha invitato le comunit\u00e0 parrocchiali a entrare  nella profondit\u00e0 del ministero dell&#8217;Eucarestia intensificando il  rapporto tra questa e la carit\u00e0: \u00abCos\u00ec come non possiamo parlare di  carit\u00e0 senza l\u2019Eucaristia, allo stesso modo non possiamo pi\u00f9 andare a  Messa senza che succeda qualcosa dopo la Messa\u00bb. Questo, secondo il  cardinale, \u00e8 ancora pi\u00f9 urgente oggi \u00abosservando il tessuto sociale in  cui viviamo e dove emergono gravi segnali di degrado etico\u00bb.<\/em><\/p>\n<\/blockquote>\n<p class=\"link\" style=\"text-align: justify;\"><a href=\"http:\/\/www.caritasroma.it\/Comunicazione\/ConvegnoEducatiallacarit%C3%A0.aspx\">Leggi tutto su Caritas Roma<\/a><em> <\/em><\/p>\n<p style=\"text-align: center;\">[oembed] {&#8220;url&#8221;:&#8221;http:\/\/www.youtube.com\/watch?v=p1vzID6hqbw&amp;feature=youtube_gdata&#8221;, &#8220;width&#8221;:480, &#8220;height&#8221;:360} [\/oembed]<\/p>\n","protected":false},"excerpt":{"rendered":"<p>\u00abRoma ha bisogno di uomini e donne il cui stile di vita sia caratterizzato dalla carit\u00e0\u00bb. \u00c8 con questo incitamento che il cardinale vicario Agostino Vallini ha salutato gli oltre mille partecipanti al Convegno diocesano della carit\u00e0 che si \u00e8 svolto lo scorso 13 novembre all&#8217;Universit\u00e0 Lateranense. L&#8217;incontro, dal tema &#8220;Educati alla carit\u00e0 nella verit\u00e0&#8221;,&#8230;<\/p>\n","protected":false},"author":3,"featured_media":0,"comment_status":"closed","ping_status":"closed","sticky":false,"template":"","format":"standard","meta":{"_kad_post_transparent":"","_kad_post_title":"","_kad_post_layout":"","_kad_post_sidebar_id":"","_kad_post_content_style":"","_kad_post_vertical_padding":"","_kad_post_feature":"","_kad_post_feature_position":"","_kad_post_header":false,"_kad_post_footer":false,"_kad_post_classname":"","footnotes":""},"categories":[100,443],"tags":[90,62,117],"class_list":["post-231522","post","type-post","status-publish","format-standard","hentry","category-100","category-carita","tag-convegni","tag-diocesi","tag-incontri"],"_links":{"self":[{"href":"https:\/\/archivio.cercoiltuovolto.it\/index.php?rest_route=\/wp\/v2\/posts\/231522","targetHints":{"allow":["GET"]}}],"collection":[{"href":"https:\/\/archivio.cercoiltuovolto.it\/index.php?rest_route=\/wp\/v2\/posts"}],"about":[{"href":"https:\/\/archivio.cercoiltuovolto.it\/index.php?rest_route=\/wp\/v2\/types\/post"}],"author":[{"embeddable":true,"href":"https:\/\/archivio.cercoiltuovolto.it\/index.php?rest_route=\/wp\/v2\/users\/3"}],"replies":[{"embeddable":true,"href":"https:\/\/archivio.cercoiltuovolto.it\/index.php?rest_route=%2Fwp%2Fv2%2Fcomments&post=231522"}],"version-history":[{"count":0,"href":"https:\/\/archivio.cercoiltuovolto.it\/index.php?rest_route=\/wp\/v2\/posts\/231522\/revisions"}],"wp:attachment":[{"href":"https:\/\/archivio.cercoiltuovolto.it\/index.php?rest_route=%2Fwp%2Fv2%2Fmedia&parent=231522"}],"wp:term":[{"taxonomy":"category","embeddable":true,"href":"https:\/\/archivio.cercoiltuovolto.it\/index.php?rest_route=%2Fwp%2Fv2%2Fcategories&post=231522"},{"taxonomy":"post_tag","embeddable":true,"href":"https:\/\/archivio.cercoiltuovolto.it\/index.php?rest_route=%2Fwp%2Fv2%2Ftags&post=231522"}],"curies":[{"name":"wp","href":"https:\/\/api.w.org\/{rel}","templated":true}]}}