{"id":231490,"date":"2010-12-06T06:00:53","date_gmt":"2010-12-06T06:00:53","guid":{"rendered":"https:\/\/archivio.cercoiltuovolto.it\/?p=231490"},"modified":"2010-12-06T06:00:53","modified_gmt":"2010-12-06T06:00:53","slug":"ritiro-di-avvento-2010-lamore-di-dio-e-per-i-fratelli","status":"publish","type":"post","link":"https:\/\/archivio.cercoiltuovolto.it\/?p=231490","title":{"rendered":"L\u2019amore di Dio e per i fratelli"},"content":{"rendered":"<p style=\"text-align: center;\"><a href=\"http:\/\/www.cercoiltuovolto.it\/wp-content\/uploads\/2010\/12\/L\u2019amore-di-Dio-e-per-i-fratelli.jpg\"><img loading=\"lazy\" decoding=\"async\" class=\"aligncenter size-full wp-image-15763\" title=\"L\u2019amore di Dio e per i fratelli\" src=\"http:\/\/www.cercoiltuovolto.it\/wp-content\/uploads\/2010\/12\/L\u2019amore-di-Dio-e-per-i-fratelli.jpg\" alt=\"\" width=\"475\" height=\"475\" \/><\/a><\/p>\n<p style=\"text-align: justify;\"><strong><em>Ritiro di Avvento 2010<\/em><\/strong><\/p>\n<p style=\"text-align: justify;\"><strong>Cosa significa amare Dio<\/strong>?\u00a0<strong>Come possiamo rispondere all\u2019amore di Dio per noi?<\/strong><br \/>\n Questi interrogativi riguardano\u00a0<strong>il messaggio centrale del Cristianesimo<\/strong>. La Scrittura ci d\u00e0 la testimonianza di un Dio che \u00e8 amore e che ci ama in modo preveniente e incondizionato. \u00c8\u00a0<strong>un amore che interpella la fede<\/strong> <strong>e che impegna totalmente l\u2019uomo<\/strong>, nelle sue dimensioni di desiderio, ascolto e obbedienza.<\/p>\n<p style=\"text-align: justify;\">Ma l\u2019amore di Dio non va disgiunto dall\u2019amore per il prossimo, al punto che<strong>l\u2019amore per i fratelli<\/strong> \u00e8 il segno distintivo dei discepoli di Ges\u00f9.\u00a0<strong>Vivere l\u2019amore che il Signore chiede<\/strong>,\u00a0<strong>amare gli altri come lui vuole<\/strong>: \u00e8 il messaggio della parabola del giudizio universale (Mt 25,31-46), che Ges\u00f9 ha raccontato affinch\u00e9 viviamo consapevolmente e responsabilmente la nostra esistenza nella storia. Il servizio dei fratelli, in particolare di quanti sono segnati dal bisogno e dalla sofferenza, \u00e8 la\u00a0<strong>maniera fattiva di vivere l\u2019amore,<\/strong> e ci\u00f2 che decide nell\u2019oggi la nostra salvezza.<\/p>\n<div class=\"powerpressbox\" style=\"text-align: justify;\">[powerpress]<\/div>\n<p style=\"text-align: justify;\"><em>In questo doppio CD \u00e8 inciso il ritiro di Avvento predicato da fr. Enzo Bianchi a Bose il 28 novembre 2010.<\/em><\/p>\n<p class=\"acquista-paragrafo\" style=\"text-align: justify;\"><a href=\"http:\/\/www.monasterodibose.it\/component\/page,shop.product_details\/flypage,flypage.tpl\/product_id,956\/category_id,50\/option,com_virtuemart\/Itemid,475\/\">Acquista il cd<\/a><\/p>\n","protected":false},"excerpt":{"rendered":"<p>Ritiro di Avvento 2010 Cosa significa amare Dio?\u00a0Come possiamo rispondere all\u2019amore di Dio per noi? Questi interrogativi riguardano\u00a0il messaggio centrale del Cristianesimo. La Scrittura ci d\u00e0 la testimonianza di un Dio che \u00e8 amore e che ci ama in modo preveniente e incondizionato. \u00c8\u00a0un amore che interpella la fede e che impegna totalmente l\u2019uomo, nelle&#8230;<\/p>\n","protected":false},"author":3,"featured_media":0,"comment_status":"closed","ping_status":"closed","sticky":false,"template":"","format":"standard","meta":{"_kad_post_transparent":"","_kad_post_title":"","_kad_post_layout":"","_kad_post_sidebar_id":"","_kad_post_content_style":"","_kad_post_vertical_padding":"","_kad_post_feature":"","_kad_post_feature_position":"","_kad_post_header":false,"_kad_post_footer":false,"_kad_post_classname":"","footnotes":""},"categories":[100,112],"tags":[440,117],"class_list":["post-231490","post","type-post","status-publish","format-standard","hentry","category-100","category-avvento","tag-bose","tag-incontri"],"_links":{"self":[{"href":"https:\/\/archivio.cercoiltuovolto.it\/index.php?rest_route=\/wp\/v2\/posts\/231490","targetHints":{"allow":["GET"]}}],"collection":[{"href":"https:\/\/archivio.cercoiltuovolto.it\/index.php?rest_route=\/wp\/v2\/posts"}],"about":[{"href":"https:\/\/archivio.cercoiltuovolto.it\/index.php?rest_route=\/wp\/v2\/types\/post"}],"author":[{"embeddable":true,"href":"https:\/\/archivio.cercoiltuovolto.it\/index.php?rest_route=\/wp\/v2\/users\/3"}],"replies":[{"embeddable":true,"href":"https:\/\/archivio.cercoiltuovolto.it\/index.php?rest_route=%2Fwp%2Fv2%2Fcomments&post=231490"}],"version-history":[{"count":0,"href":"https:\/\/archivio.cercoiltuovolto.it\/index.php?rest_route=\/wp\/v2\/posts\/231490\/revisions"}],"wp:attachment":[{"href":"https:\/\/archivio.cercoiltuovolto.it\/index.php?rest_route=%2Fwp%2Fv2%2Fmedia&parent=231490"}],"wp:term":[{"taxonomy":"category","embeddable":true,"href":"https:\/\/archivio.cercoiltuovolto.it\/index.php?rest_route=%2Fwp%2Fv2%2Fcategories&post=231490"},{"taxonomy":"post_tag","embeddable":true,"href":"https:\/\/archivio.cercoiltuovolto.it\/index.php?rest_route=%2Fwp%2Fv2%2Ftags&post=231490"}],"curies":[{"name":"wp","href":"https:\/\/api.w.org\/{rel}","templated":true}]}}