{"id":231474,"date":"2010-12-03T22:39:47","date_gmt":"2010-12-03T22:39:47","guid":{"rendered":"https:\/\/archivio.cercoiltuovolto.it\/?p=231474"},"modified":"2010-12-03T22:39:47","modified_gmt":"2010-12-03T22:39:47","slug":"commento-al-vangelo-del-5-dicembre-2010-p-massimo-pazzini","status":"publish","type":"post","link":"https:\/\/archivio.cercoiltuovolto.it\/?p=231474","title":{"rendered":"Commento al Vangelo del 5 dicembre 2010 &#8211; P. Massimo Pazzini"},"content":{"rendered":"<p style=\"text-align: center;\"><a href=\"http:\/\/www.cercoiltuovolto.it\/wp-content\/uploads\/2010\/11\/pazzini.png\"><img loading=\"lazy\" decoding=\"async\" class=\"aligncenter size-full wp-image-15570\" style=\"border: 0pt none;\" title=\"P. Massimo Pazzini\" src=\"http:\/\/www.cercoiltuovolto.it\/wp-content\/uploads\/2010\/11\/pazzini.png\" alt=\"\" width=\"475\" height=\"150\" \/><\/a><br class=\"spacer_\" \/><\/p>\n<p style=\"text-align: justify;\"><strong>&#8220;Parola&#8221; e luoghi. Meditazioni in Terra Santa<\/strong>. A cura dello Studio Biblico Francescano di Gerusalemme. La riflessione sulla &#8220;Parola&#8221; della II Domenica d&#8217;Avvento \u00e8 di  P. Rosario Pierri.<\/p>\n<p style=\"text-align: center;\">[oembed] {&#8220;url&#8221;:&#8221;http:\/\/www.youtube.com\/watch?v=tGn2J1jetPM&amp;feature=youtube_gdata&#8221;, &#8220;width&#8221;:480, &#8220;height&#8221;:360} [\/oembed]<\/p>\n<blockquote>\n<p style=\"text-align: justify;\"><em style=\"font-weight: bold; font-style: italic;\">Mt 3, 1-12<\/em><br \/>\n<em style=\"font-weight: bold; font-style: italic;\">Dal Vangelo secondo\u00a0Matteo<\/em><\/p>\n<p>In quei giorni, venne Giovanni il Battista e predicava nel deserto della Giudea dicendo: \u00abConvertitevi, perch\u00e9 il regno dei cieli \u00e8 vicino!\u00bb. Egli infatti \u00e8 colui del quale aveva parlato il profeta Isa\u00eca quando disse: \u00abVoce di uno che grida nel deserto: Preparate la via del Signore, raddrizzate i suoi sentieri!\u00bb.<br \/>\nE lui, Giovanni, portava un vestito di peli di cammello e una cintura di pelle attorno ai fianchi; il suo cibo erano cavallette e miele selvatico. Allora Gerusalemme, tutta la Giudea e tutta la zona lungo il Giordano accorrevano a lui e si facevano battezzare da lui nel fiume Giordano, confessando i loro peccati.<br \/>\nVedendo molti farisei e sadducei venire al suo battesimo, disse loro: \u00abRazza di vipere! Chi vi ha fatto credere di poter sfuggire all\u2019ira imminente? Fate dunque un frutto degno della conversione, e non crediate di poter dire dentro di voi: \u201cAbbiamo Abramo per padre!\u201d. Perch\u00e9 io vi dico che da queste pietre Dio pu\u00f2 suscitare figli ad Abramo. Gi\u00e0 la scure \u00e8 posta alla radice degli alberi; perci\u00f2 ogni albero che non d\u00e0 buon frutto viene tagliato e gettato nel fuoco. Io vi battezzo nell\u2019acqua per la conversione; ma colui che viene dopo di me \u00e8 pi\u00f9 forte di me e io non sono degno di portargli i sandali; egli vi battezzer\u00e0 in Spirito Santo e fuoco. Tiene in mano la pala e pulir\u00e0 la sua aia e raccoglier\u00e0 il suo frumento nel granaio, ma brucer\u00e0 la paglia con un fuoco inestinguibile\u00bb.<\/p>\n<p>C: Parola del Signore.<br \/>\nA: Lode a Te o Cristo.<\/p>\n<\/blockquote>\n","protected":false},"excerpt":{"rendered":"<p>&#8220;Parola&#8221; e luoghi. Meditazioni in Terra Santa. A cura dello Studio Biblico Francescano di Gerusalemme. La riflessione sulla &#8220;Parola&#8221; della II Domenica d&#8217;Avvento \u00e8 di P. Rosario Pierri. [oembed] {&#8220;url&#8221;:&#8221;http:\/\/www.youtube.com\/watch?v=tGn2J1jetPM&amp;feature=youtube_gdata&#8221;, &#8220;width&#8221;:480, &#8220;height&#8221;:360} [\/oembed] Mt 3, 1-12 Dal Vangelo secondo\u00a0Matteo In quei giorni, venne Giovanni il Battista e predicava nel deserto della Giudea dicendo: \u00abConvertitevi, perch\u00e9&#8230;<\/p>\n","protected":false},"author":3,"featured_media":0,"comment_status":"closed","ping_status":"closed","sticky":false,"template":"","format":"standard","meta":{"_kad_post_transparent":"","_kad_post_title":"","_kad_post_layout":"","_kad_post_sidebar_id":"","_kad_post_content_style":"","_kad_post_vertical_padding":"","_kad_post_feature":"","_kad_post_feature_position":"","_kad_post_header":false,"_kad_post_footer":false,"_kad_post_classname":"","footnotes":""},"categories":[100,112],"tags":[5,130,172],"class_list":["post-231474","post","type-post","status-publish","format-standard","hentry","category-100","category-avvento","tag-commento-al-vangelo","tag-terra-santa","tag-vangelo-della-domenica"],"_links":{"self":[{"href":"https:\/\/archivio.cercoiltuovolto.it\/index.php?rest_route=\/wp\/v2\/posts\/231474","targetHints":{"allow":["GET"]}}],"collection":[{"href":"https:\/\/archivio.cercoiltuovolto.it\/index.php?rest_route=\/wp\/v2\/posts"}],"about":[{"href":"https:\/\/archivio.cercoiltuovolto.it\/index.php?rest_route=\/wp\/v2\/types\/post"}],"author":[{"embeddable":true,"href":"https:\/\/archivio.cercoiltuovolto.it\/index.php?rest_route=\/wp\/v2\/users\/3"}],"replies":[{"embeddable":true,"href":"https:\/\/archivio.cercoiltuovolto.it\/index.php?rest_route=%2Fwp%2Fv2%2Fcomments&post=231474"}],"version-history":[{"count":0,"href":"https:\/\/archivio.cercoiltuovolto.it\/index.php?rest_route=\/wp\/v2\/posts\/231474\/revisions"}],"wp:attachment":[{"href":"https:\/\/archivio.cercoiltuovolto.it\/index.php?rest_route=%2Fwp%2Fv2%2Fmedia&parent=231474"}],"wp:term":[{"taxonomy":"category","embeddable":true,"href":"https:\/\/archivio.cercoiltuovolto.it\/index.php?rest_route=%2Fwp%2Fv2%2Fcategories&post=231474"},{"taxonomy":"post_tag","embeddable":true,"href":"https:\/\/archivio.cercoiltuovolto.it\/index.php?rest_route=%2Fwp%2Fv2%2Ftags&post=231474"}],"curies":[{"name":"wp","href":"https:\/\/api.w.org\/{rel}","templated":true}]}}