{"id":231464,"date":"2010-12-01T20:24:05","date_gmt":"2010-12-01T20:24:05","guid":{"rendered":"https:\/\/archivio.cercoiltuovolto.it\/?p=231464"},"modified":"2010-12-01T20:24:05","modified_gmt":"2010-12-01T20:24:05","slug":"commento-al-vangelo-del-5-dicembre-2010-don-mauro-pozzi","status":"publish","type":"post","link":"https:\/\/archivio.cercoiltuovolto.it\/?p=231464","title":{"rendered":"Commento al Vangelo del 5 dicembre 2010 &#8211; don Mauro Pozzi"},"content":{"rendered":"<p style=\"text-align: center;\">\n<p style=\"text-align: justify;\">Il commento al Vangelo della domenica a cura di don Mauro Pozzi parrocco della Parrocchia S. Giovanni Battista, Novara.<\/p>\n<p style=\"text-align: center;\">\n<p style=\"margin-top: 3px; margin-right: 0px; margin-bottom: 3px; margin-left: 0px; text-align: center;\"><a href=\"http:\/\/playlist.cercoiltuovolto.net\/don-mauro-pozzi\/la-scure-alla-radice-video_3d5d9a1d2.html\" target=\"_blank\">don Mauro Pozzi &#8211; La scure alla radice<\/a><\/p>\n<blockquote>\n<p>SPIRITO E FUOCO<\/p>\n<p style=\"text-align: justify;\">Anche oggi riflettiamo sulla seconda venuta di Ges\u00f9, quella che atten- diamo alla fine dei tempi, quando il Signore verr\u00e0 come giudice dei vivi e dei morti. Il profeta Isaia lo annuncia dicendo che sar\u00e0 un germoglio del tronco di Iesse che era il padre del re Davide, quindi il Messia doveva essere, come in effetti fu, della famiglia di Davide. Egli \u00e8 pieno dello Spirito del Signore, che d\u00e0 la vita a tutti i viventi, suscita i giudici e i re dando loro discernimento e saggezza, d\u00e0 l\u2019abilit\u00e0 agli artigiani e ispira i profeti. Sono i doni dello Spirito, che qui sono sei, mentre la traduzione greca dei LXX e quella latina della volgata, fanno diventare sette aggiun- gendo la piet\u00e0 al timore di Dio. Il Regno che il Messia realizza alla fine dei tempi \u00e8 caratterizzato dalla giustizia, dall\u2019equit\u00e0 e dall\u2019armonia. Esattamente quello che manca ai regni terreni, dove l\u2019avidit\u00e0 distorce tutto e crea grandi conflitti. Tutto l\u2019universo ritrover\u00e0 la pace che \u00e8 sim- boleggiata dalla convivenza pacifica dei predatori e delle prede; perfino il serpente, simbolo del male, sar\u00e0 innocuo. Tutto questo per\u00f2 va preparato con i frutti della conversione, come il Battista chiede a chi viene a farsi battezzare. Il battesimo di Giovanni \u00e8 un segno di purificazione e, come per il sacramento di oggi, ma non ha effetto se il cuore non vuole cambiare. Non basta essere figli di Abramo, avere il certificato che prova la nostra appartenenza alla chiesa, bisogna vivere da cristiani. Gi\u00e0 la scure \u00e8 posta alla radice degli alberi, quelli che non danno frutto sono bruciati. Giovanni non si preoccupa di ottenere consensi, non si presenta ben vestito e con discorsi diplomatici, ma ammonisce severa- mente e ci chiede: quali sono i valori che illuminano le vostre scelte? Onest\u00e0, sincerit\u00e0, altruismo, in una parola, amore? Il fuoco dello Spirito che abbiamo ricevuto nel battesimo \u00e8 calore che brucia le impurit\u00e0, \u00e8 calore che nutre il nostro amore per Dio e per gli altri, ma non pu\u00f2 bruciare se non lo alimentiamo con la nostra disponibilit\u00e0. Questo \u00e8 l\u2019Avvento, un tempo di rinnovamento in cui diciamo di s\u00ec a Ges\u00f9 e lo ac- cogliamo nella nostra vita.<\/p>\n<\/blockquote>\n","protected":false},"excerpt":{"rendered":"<p>Il commento al Vangelo della domenica a cura di don Mauro Pozzi parrocco della Parrocchia S. Giovanni Battista, Novara. don Mauro Pozzi &#8211; La scure alla radice SPIRITO E FUOCO Anche oggi riflettiamo sulla seconda venuta di Ges\u00f9, quella che atten- diamo alla fine dei tempi, quando il Signore verr\u00e0 come giudice dei vivi e&#8230;<\/p>\n","protected":false},"author":3,"featured_media":0,"comment_status":"closed","ping_status":"closed","sticky":false,"template":"","format":"standard","meta":{"_kad_post_transparent":"","_kad_post_title":"","_kad_post_layout":"","_kad_post_sidebar_id":"","_kad_post_content_style":"","_kad_post_vertical_padding":"","_kad_post_feature":"","_kad_post_feature_position":"","_kad_post_header":false,"_kad_post_footer":false,"_kad_post_classname":"","footnotes":""},"categories":[100,112],"tags":[5,388,172],"class_list":["post-231464","post","type-post","status-publish","format-standard","hentry","category-100","category-avvento","tag-commento-al-vangelo","tag-don-mauro-pozzi","tag-vangelo-della-domenica"],"_links":{"self":[{"href":"https:\/\/archivio.cercoiltuovolto.it\/index.php?rest_route=\/wp\/v2\/posts\/231464","targetHints":{"allow":["GET"]}}],"collection":[{"href":"https:\/\/archivio.cercoiltuovolto.it\/index.php?rest_route=\/wp\/v2\/posts"}],"about":[{"href":"https:\/\/archivio.cercoiltuovolto.it\/index.php?rest_route=\/wp\/v2\/types\/post"}],"author":[{"embeddable":true,"href":"https:\/\/archivio.cercoiltuovolto.it\/index.php?rest_route=\/wp\/v2\/users\/3"}],"replies":[{"embeddable":true,"href":"https:\/\/archivio.cercoiltuovolto.it\/index.php?rest_route=%2Fwp%2Fv2%2Fcomments&post=231464"}],"version-history":[{"count":0,"href":"https:\/\/archivio.cercoiltuovolto.it\/index.php?rest_route=\/wp\/v2\/posts\/231464\/revisions"}],"wp:attachment":[{"href":"https:\/\/archivio.cercoiltuovolto.it\/index.php?rest_route=%2Fwp%2Fv2%2Fmedia&parent=231464"}],"wp:term":[{"taxonomy":"category","embeddable":true,"href":"https:\/\/archivio.cercoiltuovolto.it\/index.php?rest_route=%2Fwp%2Fv2%2Fcategories&post=231464"},{"taxonomy":"post_tag","embeddable":true,"href":"https:\/\/archivio.cercoiltuovolto.it\/index.php?rest_route=%2Fwp%2Fv2%2Ftags&post=231464"}],"curies":[{"name":"wp","href":"https:\/\/api.w.org\/{rel}","templated":true}]}}