{"id":231463,"date":"2010-12-01T09:01:09","date_gmt":"2010-12-01T09:01:09","guid":{"rendered":"https:\/\/archivio.cercoiltuovolto.it\/?p=231463"},"modified":"2010-12-01T09:01:09","modified_gmt":"2010-12-01T09:01:09","slug":"commento-al-vangelo-domenica-5-dicembre-2010-bellanotizia","status":"publish","type":"post","link":"https:\/\/archivio.cercoiltuovolto.it\/?p=231463","title":{"rendered":"Commento al Vangelo &#8211; Domenica 5 dicembre 2010 &#8211; Bellanotizia"},"content":{"rendered":"<p style=\"text-align: center;\">\n<p style=\"text-align: justify;\">Questa \u00e8 una rielaborazione <strong>audio\/video<\/strong> sulle letture della Messa di:<strong><em> DOMENICA 5 dicembre 2010 &#8211; II DOMENICA DI AVVENTO <\/em><\/strong>(Anno A) a cura di <a href=\"http:\/\/www.bellanotizia.it\" target=\"_blank\">Antonio Di Lieto<\/a>.<\/p>\n<p style=\"text-align: justify;\">Il titolo della Messa, che unifica tutte le letture, secondo l&#8217;autore \u00e8: <strong>Porter\u00e0 giustizia !<\/strong><\/p>\n<div class=\"powerpressbox\">[powerpress]<\/div>\n<p style=\"text-align: center;\">[oembed] {&#8220;url&#8221;:&#8221;http:\/\/www.youtube.com\/watch?v=kDPoGPIG_7Q&amp;feature=youtube_gdata&#8221;, &#8220;width&#8221;:480, &#8220;height&#8221;:360} [\/oembed]<\/p>\n<h2>Commento alle Letture<\/h2>\n<blockquote style=\"text-align: justify;\">\n<h3><span style=\"text-decoration: underline;\">PRIMA LETTURA (dal libro del profeta Isa\u00eca 11,1-10)<\/span><\/h3>\n<p>Questa lettura \u00e8 Parola di Dio. Quindi \u00e8 Dio che ci parla e per bocca del profeta Isa\u00eca &#8211; vissuto secoli prima di Cristo &#8211; ci dice: &#8220;Verr\u00e0 il giorno in cui, tra i discendenti del re Davide, far\u00f2 germogliare sulla terra un grande Uomo. Su di Lui far\u00f2 posare il Mio Spirito: uno Spirito che d\u00e0 saggezza e intelligenza, che ti sapr\u00e0 consigliare e dare forza, che ti insegner\u00e0 a conoscermi, rispettarmi ed amarmi. Quest\u2019Uomo giudicher\u00e0 gli altri equamente: non in base alle apparenze o per sentito dire. Se sei povero ed umile, ti far\u00e0 GIUSTIZIA: le Sue parole saranno come una frustata per i violenti che ti opprimono (Lui punisce i malvagi con il semplice soffio delle sue labbra!). La pace e la GIUSTIZIA infatti, sono sempre al Suo fianco: strette a Lui, come la cintura dei suoi pantaloni!<\/p>\n<p>Quando verr\u00e0, nel mondo trionfer\u00e0 la pace: la pecora camminer\u00e0 insieme al lupo, l\u2019agnellino dormir\u00e0 abbracciato al leopardo. Il vitellino pascoler\u00e0 insieme alla leonessa: tenuti per mano da un bambino. Giocheranno insieme anche la mucca e l\u2019orsa, cos\u00ec come i loro cuccioli: ed anche il leone, manger\u00e0 solo paglia come il bue. I lattanti potranno persino accarezzare le vipere: e mettere le manine, nelle tane dei serpenti! Quel giorno non ci saranno pi\u00f9 malvagit\u00e0 n\u00e9 INGIUSTIZIE: perch\u00e9 come l\u2019acqua inonda il mare, cos\u00ec il Mio amore riempir\u00e0 tutta la terra. Quando dai discendenti del re Davide far\u00f2 germogliare quest\u2019Uomo, tu e tutti gli uomini guarderete a Lui come a una stella: abbagliati, dalla Sua luce di GIUSTIZIA !\u201d.<\/p>\n<h3><span style=\"text-decoration: underline;\">SALMO RESPONSORIALE (Salmo 71,1-2.7-8.12-13.17)<\/span><\/h3>\n<p>Questo salmo \u00e8 Parola di Dio. Quindi \u00e8 Dio che ci parla e ci dice: &#8220;Io sono il tuo Signore: e vengo a portarti GIUSTIZIA e pace. Io sono Dio Onnipotente e giudico i poveri in modo equo: tutti gli uomini con GIUSTIZIA. Vivi allora in modo GIUSTO, ed Io ti far\u00f2 sbocciare come un fiore: ti riempir\u00f2 di pace, per sempre. Perch\u00e9 il Mio amore trionfer\u00e0 ovunque: da un capo all\u2019altro della terra. Se mi invochi, Io ti liberer\u00f2: se non sai come fare, Io ti aiuter\u00f2. Se sei debole, io avr\u00f2 piet\u00e0 di te: se sei umile, Io salver\u00f2 la tua vita. Ti far\u00f2 vivere in eterno: come un fiore che non appassisce mai. Attraverso di te benedir\u00f2 tutti gli uomini della terra: e tutti ti chiameranno beato !\u201d.<\/p>\n<h3><span style=\"text-decoration: underline;\">SECONDA LETTURA (dalla lettera di Paolo ai cristiani di Roma 15,4-9)<\/span><\/h3>\n<p>Questa lettera di Paolo ai cristiani di Roma, \u00e8 Parola di Dio. Quindi \u00e8 Dio che ci parla e &#8211; per bocca di Paolo &#8211; ci dice: \u201cAma gli altri come fratelli. E ricordati che tutto quello che leggi sulla Bibbia sono parole Mie, che Io ho fatto scrivere per istruirti e consolarti: per infonderti speranza e perseveranza. Io infatti sono il tuo Dio: e voglio darti coraggio e consolazione, forza per andare avanti e capacit\u00e0 di vivere in armonia con gli altri (la stessa che aveva Ges\u00f9 Cristo). E cos\u00ec unito ai tuoi fratelli, con lo stesso animo e ad una sola voce, potrete rendere gloria a Me: che sono il Padre vostro e del vostro Signore Ges\u00f9 Cristo. Anche tu allora accogli a braccia aperte tutti gli uomini che incontri, come faceva Mio Figlio: per dare gloria a Me. Ges\u00f9 infatti accoglieva tutti, senza fare INGIUSTE preferenze: ad esempio si fece servo degli ebrei come Paolo (per dimostrare che Io ho mantenuto le promesse fatte al popolo ebraico), ma accolse anche i pagani (ad esempio i convert\u00ecti di Roma), affinch\u00e9 tutte le genti potessero godere della Mia misericordia. E cos\u00ec si \u00e8 realizzato quello che dice la Bibbia: \u00abTutte le genti Signore, ti loderanno: canteranno felici al Tuo nome!\u00bb\u201c.<\/p>\n<h3><span style=\"text-decoration: underline;\">VANGELO (Matteo 3,1-12)<\/span><\/h3>\n<p>Questo vangelo \u00e8 Parola di Dio. Quindi \u00e8 Ges\u00f9 che ci parla e ci dice: &#8211; Fai anche tu come Giovanni Battista che, per preparare il Mio arrivo, predicava nel deserto dicendo a tutti: \u00abCambia vita: perch\u00e9 il Regno di Dio si sta avvicinando!\u00bb. E cos\u00ec in Giovanni si realizzarono queste parole del profeta Isa\u00eca: \u201cAnche nel deserto si sentir\u00e0 una voce che grida: \u00abPreparatevi all\u2019arrivo del Signore: preparategli la strada!\u00bb\u201c.<\/p>\n<p>Anche tu allora vivi in modo sobrio e semplice come Giovanni, che si vestiva solo con una tunica ed una cintura: e si nutriva solo di miele e animali selvatici. Da Gerusalemme e da tutta la regione della Giud\u00e8a, tanta gente andava da lui per farsi battezzare nel fiume Giordano: e chiedere perdono per i propri peccati.<\/p>\n<p>Spesso per\u00f2 venivano a farsi battezzare anche sadduc\u00e8i e faris\u00e8i: uomini solo apparentemente devoti, ma in realt\u00e0 cattivi e malvagi. Giovanni allora diceva loro senza mezzi termini: \u201cSiete una razza di vipere! Se non cambiate, non sfuggirete al castigo di Dio! E\u2019 inutile che vi giustificate pensando: \u00abTanto noi siamo ebrei: siamo discendenti di Abramo\u00bb. Perch\u00e9 Dio pu\u00f2 far nascere figli di Abramo, anche da queste pietre !<\/p>\n<p>P\u00e8ntiti dunque, perch\u00e9 l\u2019accetta \u00e8 gi\u00e0 ai piedi degli alberi: pronta a fare GIUSTIZIA. Ogni albero che non produce frutti buoni infatti, presto sar\u00e0 abbattuto: e bruciato nel fuoco. Io ti sto invitando a purificarti battezzandoti con un p\u00f2 d\u2019acqua. Il Mess\u00eca invece ti accender\u00e0 il cuore, battezzandoti col fuoco: il fuoco dello Spirito Santo! Anche se Lui viene dopo di me infatti, \u00e8 molto pi\u00f9 forte di me: ed io non mi sento degno, nemmeno di allacciargli i lacci delle scarpe!<\/p>\n<p style=\"text-align: justify;\">Lui verr\u00e0 con in mano il rastrello della GIUSTIZIA: per separare il grano buono dalla paglia secca. Brucer\u00e0 le erbacce &#8211; come meritano &#8211; nel fuoco eterno: e poi raccoglier\u00e0 il grano buono, nel Suo granaio di gioia infinita. Pur\u00ecficati allora: perch\u00e9 quando Lui verr\u00e0, far\u00e0 trionfare la GIUSTIZIA !\u201d.<\/p>\n<\/blockquote>\n<blockquote style=\"text-align: justify;\">\n<p><span class=\"morebis\"> <\/span><strong>Sul sito<\/strong> <a href=\"http:\/\/www.bellanotizia.it\/\" target=\"_blank\">http:\/\/www.bellanotizia.it<\/a> puoi scaricare tante altre &#8220;bellenotizie&#8221;, anche in forma di registrazione-audio e presentazione-video, oltre a diversi miei articoli, scritti, corrispondenze-mail ed ipotesi innovative.<\/p>\n<p style=\"text-align: justify;\"><strong>Note<\/strong>: L&#8217;autore precisa che, anche se la lettura di queste bellenotizie aiuta a comprendere la prima parte della Messa (Liturgia della Parola), non potr\u00e0 mai sostituire la seconda parte (Liturgia eucaristica), in cui ci viene data la possibilit\u00e0 di &#8220;abbracciare&#8221; veramente il Corpo di Cristo.<\/p>\n<\/blockquote>\n","protected":false},"excerpt":{"rendered":"<p>Questa \u00e8 una rielaborazione audio\/video sulle letture della Messa di: DOMENICA 5 dicembre 2010 &#8211; II DOMENICA DI AVVENTO (Anno A) a cura di Antonio Di Lieto. Il titolo della Messa, che unifica tutte le letture, secondo l&#8217;autore \u00e8: Porter\u00e0 giustizia ! [powerpress] [oembed] {&#8220;url&#8221;:&#8221;http:\/\/www.youtube.com\/watch?v=kDPoGPIG_7Q&amp;feature=youtube_gdata&#8221;, &#8220;width&#8221;:480, &#8220;height&#8221;:360} [\/oembed] Commento alle Letture PRIMA LETTURA (dal libro&#8230;<\/p>\n","protected":false},"author":3,"featured_media":0,"comment_status":"closed","ping_status":"closed","sticky":false,"template":"","format":"standard","meta":{"_kad_post_transparent":"","_kad_post_title":"","_kad_post_layout":"","_kad_post_sidebar_id":"","_kad_post_content_style":"","_kad_post_vertical_padding":"","_kad_post_feature":"","_kad_post_feature_position":"","_kad_post_header":false,"_kad_post_footer":false,"_kad_post_classname":"","footnotes":""},"categories":[100,112],"tags":[34,5,172],"class_list":["post-231463","post","type-post","status-publish","format-standard","hentry","category-100","category-avvento","tag-bella-notizia","tag-commento-al-vangelo","tag-vangelo-della-domenica"],"_links":{"self":[{"href":"https:\/\/archivio.cercoiltuovolto.it\/index.php?rest_route=\/wp\/v2\/posts\/231463","targetHints":{"allow":["GET"]}}],"collection":[{"href":"https:\/\/archivio.cercoiltuovolto.it\/index.php?rest_route=\/wp\/v2\/posts"}],"about":[{"href":"https:\/\/archivio.cercoiltuovolto.it\/index.php?rest_route=\/wp\/v2\/types\/post"}],"author":[{"embeddable":true,"href":"https:\/\/archivio.cercoiltuovolto.it\/index.php?rest_route=\/wp\/v2\/users\/3"}],"replies":[{"embeddable":true,"href":"https:\/\/archivio.cercoiltuovolto.it\/index.php?rest_route=%2Fwp%2Fv2%2Fcomments&post=231463"}],"version-history":[{"count":0,"href":"https:\/\/archivio.cercoiltuovolto.it\/index.php?rest_route=\/wp\/v2\/posts\/231463\/revisions"}],"wp:attachment":[{"href":"https:\/\/archivio.cercoiltuovolto.it\/index.php?rest_route=%2Fwp%2Fv2%2Fmedia&parent=231463"}],"wp:term":[{"taxonomy":"category","embeddable":true,"href":"https:\/\/archivio.cercoiltuovolto.it\/index.php?rest_route=%2Fwp%2Fv2%2Fcategories&post=231463"},{"taxonomy":"post_tag","embeddable":true,"href":"https:\/\/archivio.cercoiltuovolto.it\/index.php?rest_route=%2Fwp%2Fv2%2Ftags&post=231463"}],"curies":[{"name":"wp","href":"https:\/\/api.w.org\/{rel}","templated":true}]}}