{"id":231439,"date":"2010-11-27T19:44:27","date_gmt":"2010-11-27T19:44:27","guid":{"rendered":"https:\/\/archivio.cercoiltuovolto.it\/?p=231439"},"modified":"2010-11-27T19:44:27","modified_gmt":"2010-11-27T19:44:27","slug":"commento-al-vangelo-di-domenica-28-novembre-2010-padre-bruno-secondin","status":"publish","type":"post","link":"https:\/\/archivio.cercoiltuovolto.it\/?p=231439","title":{"rendered":"Commento al Vangelo di domenica 28 novembre 2010 &#8211; padre Bruno Secondin"},"content":{"rendered":"<p style=\"text-align: center;\"><img loading=\"lazy\" decoding=\"async\" class=\"aligncenter size-full wp-image-14846\" title=\"padre carmelitano Bruno Secondin\" src=\"http:\/\/www.cercoiltuovolto.it\/wp\/wp-content\/uploads\/2010\/11\/secondin.png\" alt=\"\" width=\"412\" height=\"132\" \/><\/p>\n<p style=\"text-align: justify;\">Nella prima Domenica del tempo di Avvento, il Vangelo presenta il brano di Luca nel quale Ges\u00f9 parla con i discepoli della seconda venuta del Figlio dell\u2019uomo e degli segni che la precederanno, sconvolgendo la terra e le \u201cpotenze dei cieli\u201d. E afferma:<\/p>\n<blockquote>\n<p style=\"text-align: justify;\">\u201cQuando cominceranno ad accadere queste cose, risollevatevi e alzate il capo, perch\u00e9 la vostra liberazione \u00e8 vicina\u201d.<\/p>\n<\/blockquote>\n<p>Su questo brano del Vangelo,  ascoltiamo il commento del carmelitano, padre Bruno Secondin,  docente di Teologia spirituale alla Pontificia Universit\u00e0 Gregoriana:<\/p>\n<blockquote>\n<p style=\"text-align: justify;\">Ricomincia l\u2019anno liturgico domani: entriamo nell\u2019Avvento, che \u00e8 come la soglia attraverso la quale ritroviamo la via ai grandi eventi della salvezza. \u201c\u00c8 ormai tempo di svegliarvi!\u201d, grida Paolo nella lettera ai Romani. Anche Ges\u00f9 ribadisce: \u201cVegliate! Tenetevi pronti!\u201d. Vale a dire, scrutate se all\u2019orizzonte ci sono segnali di Colui che attendiamo, e che arriver\u00e0 senza preannuncio. Se il cuore attende e ci si tiene pronti, amando e sognando il momento dell\u2019incontro, la vita non sar\u00e0 vuota, ma fermentata dalla promessa e dal desiderio, e tutto si rinnova di continuo.<\/p>\n<p style=\"text-align: justify;\">\u00a0Al contrario capit\u00f2 con i contemporanei di No\u00e8: vivevano una quotidianit\u00e0 senza mete e \u201cnon si accorsero di nulla\u201d, quando apparve il giudizio decisivo di Dio. Una esistenza inconsapevole per alcuni, per altri invece cadenzata da una coscienza vigile, che ha fatto la differenza. \u201cCercate di capire questo\u201d, invita Ges\u00f9: cio\u00e8 di passare dalla non consapevolezza al desiderio del cuore che tutto orienta e fermenta. L\u2019Avvento proprio a questo invita: tenersi pronti, perch\u00e9 aspettiamo qualcuno. E perch\u00e9 Qualcuno \u00e8 in attesa di noi, e ci viene a cercare sempre di nuovo.\n<\/p>\n<\/blockquote>\n<p class=\"link\" style=\"text-align: justify;\">Fonte: <a href=\"http:\/\/www.oecumene.radiovaticana.org\/IT1\/Articolo.asp?c=442442\" target=\"_blank\">RadioVaticana<\/a><\/p>\n<div class=\"powerpressbox\">[powerpress]<\/div>\n","protected":false},"excerpt":{"rendered":"<p>Nella prima Domenica del tempo di Avvento, il Vangelo presenta il brano di Luca nel quale Ges\u00f9 parla con i discepoli della seconda venuta del Figlio dell\u2019uomo e degli segni che la precederanno, sconvolgendo la terra e le \u201cpotenze dei cieli\u201d. E afferma: \u201cQuando cominceranno ad accadere queste cose, risollevatevi e alzate il capo, perch\u00e9&#8230;<\/p>\n","protected":false},"author":3,"featured_media":0,"comment_status":"closed","ping_status":"closed","sticky":false,"template":"","format":"standard","meta":{"_kad_post_transparent":"","_kad_post_title":"","_kad_post_layout":"","_kad_post_sidebar_id":"","_kad_post_content_style":"","_kad_post_vertical_padding":"","_kad_post_feature":"","_kad_post_feature_position":"","_kad_post_header":false,"_kad_post_footer":false,"_kad_post_classname":"","footnotes":""},"categories":[100,112],"tags":[5,27,172],"class_list":["post-231439","post","type-post","status-publish","format-standard","hentry","category-100","category-avvento","tag-commento-al-vangelo","tag-radio-vaticana","tag-vangelo-della-domenica"],"_links":{"self":[{"href":"https:\/\/archivio.cercoiltuovolto.it\/index.php?rest_route=\/wp\/v2\/posts\/231439","targetHints":{"allow":["GET"]}}],"collection":[{"href":"https:\/\/archivio.cercoiltuovolto.it\/index.php?rest_route=\/wp\/v2\/posts"}],"about":[{"href":"https:\/\/archivio.cercoiltuovolto.it\/index.php?rest_route=\/wp\/v2\/types\/post"}],"author":[{"embeddable":true,"href":"https:\/\/archivio.cercoiltuovolto.it\/index.php?rest_route=\/wp\/v2\/users\/3"}],"replies":[{"embeddable":true,"href":"https:\/\/archivio.cercoiltuovolto.it\/index.php?rest_route=%2Fwp%2Fv2%2Fcomments&post=231439"}],"version-history":[{"count":0,"href":"https:\/\/archivio.cercoiltuovolto.it\/index.php?rest_route=\/wp\/v2\/posts\/231439\/revisions"}],"wp:attachment":[{"href":"https:\/\/archivio.cercoiltuovolto.it\/index.php?rest_route=%2Fwp%2Fv2%2Fmedia&parent=231439"}],"wp:term":[{"taxonomy":"category","embeddable":true,"href":"https:\/\/archivio.cercoiltuovolto.it\/index.php?rest_route=%2Fwp%2Fv2%2Fcategories&post=231439"},{"taxonomy":"post_tag","embeddable":true,"href":"https:\/\/archivio.cercoiltuovolto.it\/index.php?rest_route=%2Fwp%2Fv2%2Ftags&post=231439"}],"curies":[{"name":"wp","href":"https:\/\/api.w.org\/{rel}","templated":true}]}}