{"id":231430,"date":"2010-11-25T13:23:52","date_gmt":"2010-11-25T13:23:52","guid":{"rendered":"https:\/\/archivio.cercoiltuovolto.it\/?p=231430"},"modified":"2010-11-25T13:23:52","modified_gmt":"2010-11-25T13:23:52","slug":"commento-al-vangelo-del-28-novembre-2010-don-mauro-pozzi","status":"publish","type":"post","link":"https:\/\/archivio.cercoiltuovolto.it\/?p=231430","title":{"rendered":"Commento al Vangelo del 28 novembre 2010 &#8211; don Mauro Pozzi"},"content":{"rendered":"<p style=\"text-align: center;\">\n<p style=\"text-align: justify;\">Il commento al Vangelo della domenica a cura di don Mauro Pozzi parrocco della Parrocchia S. Giovanni Battista, Novara.<\/p>\n<p style=\"text-align: center;\">[oembed] {&#8220;url&#8221;:&#8221;http:\/\/www.youtube.com\/watch?v=5OmNj7Dn7IA&#8221;, &#8220;width&#8221;:480, &#8220;height&#8221;:360} [\/oembed]<\/p>\n<blockquote>\n<p><strong>VEGLIATE<\/strong><\/p>\n<p style=\"text-align: justify;\">L\u2019avvento \u00e8 il tempo dell\u2019attesa del Messia. Ci prepara a celebrare il Natale, la sua prima venuta, ma ci ricorda anche che il mondo aspetta la redenzione che si compir\u00e0 nell\u2019ultimo giorno quando Ges\u00f9, il Figlio dell\u2019uomo, torner\u00e0 nella gloria. Di questo ci parla la prima lettura, che descrive il tempio di Gerusalemme come una calamita che, nel giorno dell\u2019avvento del Messia, attirer\u00e0 a se tutti gli uomini: un fiume che, anzich\u00e9 scendere, sale sul monte. Il regno sar\u00e0 di pace e prosperit\u00e0, non si costruiranno pi\u00f9 armi, ma aratri per seminare e falci per mietere. Tutto il mondo camminer\u00e0 nella sua luce. \u00c8 una visione meravigliosa che d\u00e0 senso e speranza alla nostra attesa. Non conosciamo il momento in cui questo avverr\u00e0, per cui bisogna essere pronti come chi fa la guardia. Il diluvio, come tutte le calamit\u00e0, \u00e8 piombato sugli uomini ignari, solo No\u00e8 e la sua famiglia si sono potuti salvare. Ognuno conduceva la sua vita di sempre, un giorno dopo l\u2019altro, senza pensare. Non facciamo cos\u00ec anche noi? Tutti facciamo dei programmi per il futuro, ma il vero futuro \u00e8 l\u2019eternit\u00e0, a questo bisogna essere pronti. I contemporanei di No\u00e8 lo prendevano in giro perch\u00e9 costruiva una barca in mezzo al deserto. Spesso si trovano persone che considerano la preghiera, e la vita spirituale in genere, come delle attivit\u00e0 assolutamente inutili, proprio come se si stesse fabbricando una barca dove non c\u2019\u00e8 acqua; ma la vita non \u00e8 solo mangiare e bere, prendere moglie e marito, questo ci dice No\u00e8. Svegliatevi dal sonno ci ammonisce San Paolo. Chi va avanti giorno dopo giorno, rincorrendo una felicit\u00e0 solo materiale, \u00e8 come un sonnambulo che non distingue il sogno dalla realt\u00e0. Vale la pena che ci prepariamo, non tanto a una catastrofe, quanto a un bellissimo incontro. Ecco il senso dell\u2019Avvento, fare di tutto per essere quello dei due che viene preso, piuttosto che essere lasciato. Preparare con cura un luogo dove il Signore possa fermarsi e stare con noi, non come un nemico, un ladro che ci sorprende, ma come un ospite atteso e desiderato.<\/p>\n<\/blockquote>\n","protected":false},"excerpt":{"rendered":"<p>Il commento al Vangelo della domenica a cura di don Mauro Pozzi parrocco della Parrocchia S. Giovanni Battista, Novara. [oembed] {&#8220;url&#8221;:&#8221;http:\/\/www.youtube.com\/watch?v=5OmNj7Dn7IA&#8221;, &#8220;width&#8221;:480, &#8220;height&#8221;:360} [\/oembed] VEGLIATE L\u2019avvento \u00e8 il tempo dell\u2019attesa del Messia. Ci prepara a celebrare il Natale, la sua prima venuta, ma ci ricorda anche che il mondo aspetta la redenzione che si compir\u00e0&#8230;<\/p>\n","protected":false},"author":3,"featured_media":0,"comment_status":"closed","ping_status":"closed","sticky":false,"template":"","format":"standard","meta":{"_kad_post_transparent":"","_kad_post_title":"","_kad_post_layout":"","_kad_post_sidebar_id":"","_kad_post_content_style":"","_kad_post_vertical_padding":"","_kad_post_feature":"","_kad_post_feature_position":"","_kad_post_header":false,"_kad_post_footer":false,"_kad_post_classname":"","footnotes":""},"categories":[100,112],"tags":[5,388,172],"class_list":["post-231430","post","type-post","status-publish","format-standard","hentry","category-100","category-avvento","tag-commento-al-vangelo","tag-don-mauro-pozzi","tag-vangelo-della-domenica"],"_links":{"self":[{"href":"https:\/\/archivio.cercoiltuovolto.it\/index.php?rest_route=\/wp\/v2\/posts\/231430","targetHints":{"allow":["GET"]}}],"collection":[{"href":"https:\/\/archivio.cercoiltuovolto.it\/index.php?rest_route=\/wp\/v2\/posts"}],"about":[{"href":"https:\/\/archivio.cercoiltuovolto.it\/index.php?rest_route=\/wp\/v2\/types\/post"}],"author":[{"embeddable":true,"href":"https:\/\/archivio.cercoiltuovolto.it\/index.php?rest_route=\/wp\/v2\/users\/3"}],"replies":[{"embeddable":true,"href":"https:\/\/archivio.cercoiltuovolto.it\/index.php?rest_route=%2Fwp%2Fv2%2Fcomments&post=231430"}],"version-history":[{"count":0,"href":"https:\/\/archivio.cercoiltuovolto.it\/index.php?rest_route=\/wp\/v2\/posts\/231430\/revisions"}],"wp:attachment":[{"href":"https:\/\/archivio.cercoiltuovolto.it\/index.php?rest_route=%2Fwp%2Fv2%2Fmedia&parent=231430"}],"wp:term":[{"taxonomy":"category","embeddable":true,"href":"https:\/\/archivio.cercoiltuovolto.it\/index.php?rest_route=%2Fwp%2Fv2%2Fcategories&post=231430"},{"taxonomy":"post_tag","embeddable":true,"href":"https:\/\/archivio.cercoiltuovolto.it\/index.php?rest_route=%2Fwp%2Fv2%2Ftags&post=231430"}],"curies":[{"name":"wp","href":"https:\/\/api.w.org\/{rel}","templated":true}]}}