{"id":231427,"date":"2010-11-26T06:00:54","date_gmt":"2010-11-26T06:00:54","guid":{"rendered":"https:\/\/archivio.cercoiltuovolto.it\/?p=231427"},"modified":"2010-11-26T06:00:54","modified_gmt":"2010-11-26T06:00:54","slug":"parola-e-silenzio-il-fascino-di-una-reciprocita","status":"publish","type":"post","link":"https:\/\/archivio.cercoiltuovolto.it\/?p=231427","title":{"rendered":"Parola e Silenzio, il fascino di una reciprocit\u00e0"},"content":{"rendered":"<div style=\"text-align: center;\"><a href=\"http:\/\/www.cercoiltuovolto.it\/wp-content\/uploads\/2010\/11\/Parola-e-Silenzio-il-fascino-di-una-reciprocita.jpg\"><img loading=\"lazy\" decoding=\"async\" class=\"aligncenter size-medium wp-image-15541\" title=\"Parola e Silenzio, il fascino di una reciprocit\u00e0\" src=\"http:\/\/www.cercoiltuovolto.it\/wp-content\/uploads\/2010\/11\/Parola-e-Silenzio-il-fascino-di-una-reciprocita-141x300.jpg\" alt=\"\" width=\"141\" height=\"300\" \/><\/a><\/div>\n<div style=\"text-align: justify;\">Marted\u00ec 23 novembre, dalle ore 15 alle 18, nell\u2019aula magna dell\u2019Istituto teologico Sant\u2019Antonio Dottore a Padova, si \u00e8 svolto un pomeriggio di approfondimento sul tema <strong>&#8220;Parola e silenzio. Il fascino di una reciprocit\u00e0&#8221;, <\/strong>proposto dal biennio di specializzazione in Teologia spirituale della Facolt\u00e0 Teologica del Triveneto e dall\u2019Istituto teologico Sant\u2019Antonio Dottore. L&#8217;appuntamento era\u00a0rivolto agli studenti e aperto a tutta la cittadinanza.<\/div>\n<div style=\"text-align: justify;\">Davanti a numerosi partecipanti i relatori hanno offerto i loro preziosi contributi. Erano presenti:<\/div>\n<ul>\n<li>il professor Silvano Zucal (docente di Filosofia presso la Facolt\u00e0 di Lettere e Filosofia dell\u2019Universit\u00e0 statale di Trento);<\/li>\n<li>la professoressa Cristina Simonelli (docente di Patristica alla Facolt\u00e0 teologica dell\u2019Italia settentrionale di Milano). <\/li>\n<\/ul>\n<div style=\"text-align: justify;\">Moderava l\u2019incontro il professor Luciano Bertazzo (vicedirettore del biennio di specializzazione e preside dell\u2019Istituto teologico Sant\u2019Antonio Dottore).<\/div>\n<div style=\"text-align: justify;\"><\/div>\n<p style=\"text-align: center;\">\n","protected":false},"excerpt":{"rendered":"<p>Marted\u00ec 23 novembre, dalle ore 15 alle 18, nell\u2019aula magna dell\u2019Istituto teologico Sant\u2019Antonio Dottore a Padova, si \u00e8 svolto un pomeriggio di approfondimento sul tema &#8220;Parola e silenzio. Il fascino di una reciprocit\u00e0&#8221;, proposto dal biennio di specializzazione in Teologia spirituale della Facolt\u00e0 Teologica del Triveneto e dall\u2019Istituto teologico Sant\u2019Antonio Dottore. L&#8217;appuntamento era\u00a0rivolto agli studenti&#8230;<\/p>\n","protected":false},"author":3,"featured_media":0,"comment_status":"closed","ping_status":"closed","sticky":false,"template":"","format":"standard","meta":{"_kad_post_transparent":"","_kad_post_title":"","_kad_post_layout":"","_kad_post_sidebar_id":"","_kad_post_content_style":"","_kad_post_vertical_padding":"","_kad_post_feature":"","_kad_post_feature_position":"","_kad_post_header":false,"_kad_post_footer":false,"_kad_post_classname":"","footnotes":""},"categories":[100,122],"tags":[62,117,430],"class_list":["post-231427","post","type-post","status-publish","format-standard","hentry","category-100","category-conferenze","tag-diocesi","tag-incontri","tag-parola"],"_links":{"self":[{"href":"https:\/\/archivio.cercoiltuovolto.it\/index.php?rest_route=\/wp\/v2\/posts\/231427","targetHints":{"allow":["GET"]}}],"collection":[{"href":"https:\/\/archivio.cercoiltuovolto.it\/index.php?rest_route=\/wp\/v2\/posts"}],"about":[{"href":"https:\/\/archivio.cercoiltuovolto.it\/index.php?rest_route=\/wp\/v2\/types\/post"}],"author":[{"embeddable":true,"href":"https:\/\/archivio.cercoiltuovolto.it\/index.php?rest_route=\/wp\/v2\/users\/3"}],"replies":[{"embeddable":true,"href":"https:\/\/archivio.cercoiltuovolto.it\/index.php?rest_route=%2Fwp%2Fv2%2Fcomments&post=231427"}],"version-history":[{"count":0,"href":"https:\/\/archivio.cercoiltuovolto.it\/index.php?rest_route=\/wp\/v2\/posts\/231427\/revisions"}],"wp:attachment":[{"href":"https:\/\/archivio.cercoiltuovolto.it\/index.php?rest_route=%2Fwp%2Fv2%2Fmedia&parent=231427"}],"wp:term":[{"taxonomy":"category","embeddable":true,"href":"https:\/\/archivio.cercoiltuovolto.it\/index.php?rest_route=%2Fwp%2Fv2%2Fcategories&post=231427"},{"taxonomy":"post_tag","embeddable":true,"href":"https:\/\/archivio.cercoiltuovolto.it\/index.php?rest_route=%2Fwp%2Fv2%2Ftags&post=231427"}],"curies":[{"name":"wp","href":"https:\/\/api.w.org\/{rel}","templated":true}]}}