{"id":231415,"date":"2010-11-25T09:37:15","date_gmt":"2010-11-25T09:37:15","guid":{"rendered":"https:\/\/archivio.cercoiltuovolto.it\/?p=231415"},"modified":"2010-11-25T09:37:15","modified_gmt":"2010-11-25T09:37:15","slug":"udienza-generale-del-santo-padre-in-mp3-24-novembre-2010","status":"publish","type":"post","link":"https:\/\/archivio.cercoiltuovolto.it\/?p=231415","title":{"rendered":"&#8220;Udienza Generale&#8221; del Santo Padre in mp3 &#8211; 24 novembre 2010"},"content":{"rendered":"<p style=\"text-align: center;\"><a href=\"http:\/\/www.cercoiltuovolto.it\/wp-content\/uploads\/2010\/11\/udienza.jpg\"><img loading=\"lazy\" decoding=\"async\" class=\"aligncenter size-full wp-image-15013\" style=\"border: 0pt none;\" title=\"UDIENZA GENERALE \" src=\"http:\/\/www.cercoiltuovolto.it\/\/wp-content\/uploads\/2010\/11\/udienza.jpg\" alt=\"\" width=\"476\" height=\"132\" \/><\/a><\/p>\n<blockquote>\n<p><strong><em>Santa Caterina da Siena<\/em><\/strong><\/p>\n<p><em>Cari fratelli e sorelle,<\/em><\/p>\n<p style=\"text-align: justify;\">quest\u2019oggi vorrei parlarvi di una donna che ha avuto un ruolo eminente nella storia della Chiesa. Si tratta di santa Caterina da Siena. Il secolo in cui visse &#8211; il quattordicesimo &#8211; fu un\u2019epoca travagliata per la vita della Chiesa e dell\u2019intero tessuto sociale in Italia e in Europa. Tuttavia, anche nei momenti di maggiore difficolt\u00e0, il Signore non cessa di benedire il suo Popolo, suscitando Santi e Sante che scuotano le menti e i cuori provocando conversione e rinnovamento. Caterina \u00e8 una di queste e ancor oggi ella ci parla e ci sospinge a camminare con coraggio verso la santit\u00e0 per essere in modo sempre pi\u00f9 pieno discepoli del Signore.<\/p>\n<ul>\n<li><a href=\"http:\/\/www.vatican.va\/holy_father\/benedict_xvi\/audiences\/2010\/documents\/hf_ben-xvi_aud_20101124_it.html\">Leggi tutto il messaggio<\/a> <em>\u00a9 Copyright 2010 &#8211; Libreria  Editrice Vaticana<\/em><\/li>\n<li><a href=\"http:\/\/vod.vatican.va\/udienza24112010.mov\" target=\"_blank\">Link al video ufficiale<\/a> (richiede Apple Quick Time)<\/li>\n<\/ul>\n<\/blockquote>\n<div class=\"powerpressbox\">[powerpress]<\/div>\n<p class=\"link\" style=\"text-align: justify;\"><strong>Fonte<\/strong>: Radio Vaticana via FeedRss<br \/>\n <span style=\"font-size: xx-small;\"><em>(The content of this podcast is copyrighted by Vatican Radio which, according to  its statute, is entrusted to manage and protect the sound recordings of the  Roman Pontiff, ensuring that their pastoral character and intellectual  property&#8217;s rights are protected when used by third parties. The content of this  podcast is made available only for personal and private use and cannot be  exploited for commercial purposes, without prior written authorization by  Vatican Radio. For further information, please contact the International  Relation Office at relint@vatiradio.va)<\/em><\/span><\/p>\n","protected":false},"excerpt":{"rendered":"<p>Santa Caterina da Siena Cari fratelli e sorelle, quest\u2019oggi vorrei parlarvi di una donna che ha avuto un ruolo eminente nella storia della Chiesa. Si tratta di santa Caterina da Siena. Il secolo in cui visse &#8211; il quattordicesimo &#8211; fu un\u2019epoca travagliata per la vita della Chiesa e dell\u2019intero tessuto sociale in Italia e&#8230;<\/p>\n","protected":false},"author":3,"featured_media":0,"comment_status":"closed","ping_status":"closed","sticky":false,"template":"","format":"standard","meta":{"_kad_post_transparent":"","_kad_post_title":"","_kad_post_layout":"","_kad_post_sidebar_id":"","_kad_post_content_style":"","_kad_post_vertical_padding":"","_kad_post_feature":"","_kad_post_feature_position":"","_kad_post_header":false,"_kad_post_footer":false,"_kad_post_classname":"","footnotes":""},"categories":[100,127],"tags":[65,9],"class_list":["post-231415","post","type-post","status-publish","format-standard","hentry","category-100","category-benedetto-xvi","tag-udienza-generale","tag-vaticano"],"_links":{"self":[{"href":"https:\/\/archivio.cercoiltuovolto.it\/index.php?rest_route=\/wp\/v2\/posts\/231415","targetHints":{"allow":["GET"]}}],"collection":[{"href":"https:\/\/archivio.cercoiltuovolto.it\/index.php?rest_route=\/wp\/v2\/posts"}],"about":[{"href":"https:\/\/archivio.cercoiltuovolto.it\/index.php?rest_route=\/wp\/v2\/types\/post"}],"author":[{"embeddable":true,"href":"https:\/\/archivio.cercoiltuovolto.it\/index.php?rest_route=\/wp\/v2\/users\/3"}],"replies":[{"embeddable":true,"href":"https:\/\/archivio.cercoiltuovolto.it\/index.php?rest_route=%2Fwp%2Fv2%2Fcomments&post=231415"}],"version-history":[{"count":0,"href":"https:\/\/archivio.cercoiltuovolto.it\/index.php?rest_route=\/wp\/v2\/posts\/231415\/revisions"}],"wp:attachment":[{"href":"https:\/\/archivio.cercoiltuovolto.it\/index.php?rest_route=%2Fwp%2Fv2%2Fmedia&parent=231415"}],"wp:term":[{"taxonomy":"category","embeddable":true,"href":"https:\/\/archivio.cercoiltuovolto.it\/index.php?rest_route=%2Fwp%2Fv2%2Fcategories&post=231415"},{"taxonomy":"post_tag","embeddable":true,"href":"https:\/\/archivio.cercoiltuovolto.it\/index.php?rest_route=%2Fwp%2Fv2%2Ftags&post=231415"}],"curies":[{"name":"wp","href":"https:\/\/api.w.org\/{rel}","templated":true}]}}