{"id":231403,"date":"2010-11-25T06:00:19","date_gmt":"2010-11-25T06:00:19","guid":{"rendered":"https:\/\/archivio.cercoiltuovolto.it\/?p=231403"},"modified":"2010-11-25T06:00:19","modified_gmt":"2010-11-25T06:00:19","slug":"a-roma-il-primo-pub-cattolico-italiano","status":"publish","type":"post","link":"https:\/\/archivio.cercoiltuovolto.it\/?p=231403","title":{"rendered":"A Roma il primo Pub cattolico italiano"},"content":{"rendered":"<p>Rispetto alla sua inaugurazione, 1 ottobre 2010,\u00a0 arrivo in ritardo ma il <a href=\"http:\/\/gpdue.it\">Circolo Giovanile Giovanni Paolo II di Roma<\/a>&#8230;<\/p>\n<blockquote>\n<p style=\"text-align: justify;\"><a href=\"http:\/\/gpdue.it\"><img loading=\"lazy\" decoding=\"async\" class=\"alignleft size-full wp-image-15438\" title=\"gp2\" src=\"http:\/\/www.cercoiltuovolto.it\/wp-content\/uploads\/2010\/11\/gp2.jpg\" alt=\"\" width=\"174\" height=\"156\" \/><\/a>&#8230; \u00e8 un luogo di incontro dedicato alle ragazze e ai ragazzi delle parrocchie e dei movimenti cattolici della Capitale, e aperto a tutti i giovani della nostra citt\u00e0. Nasce in un luogo speciale, la cripta della Basilica dei Santi Ambrogio e Carlo al Corso, che fin dalle Giornate Mondiali della Giovent\u00f9 del Giubileo 2000 accoglie le iniziative della Pastorale Giovanile della Diocesi di Roma. Nel cuore di una citt\u00e0 gi\u00e0 ricca di luoghi di intrattenimento e di offerte culturali, mancava uno spazio dove i giovani cristiani potessero esprimere la propria creativit\u00e0 e i propri talenti. Il Circolo GP2 \u00e8 uno spazio multimediale per mostre di pittura, fotografia, cinema ed arti figurative; \u00e8 un palco per la musica dal vivo, con le giovani proposte e le migliori band attive nella diocesi; una sala dove dialogare con i testimoni e i protagonisti del nostro tempo sui temi di attualit\u00e0 pi\u00f9 importanti&#8230; Ma soprattutto \u00e8 uno spazio dove, di fronte ad un caff\u00e8 o ad una birra, i ragazzi possono parlare, giocare, navigare in internet, lanciare opinioni ed idee, raccontarsi la gioia dell&#8217;essere cristiani.<\/p>\n<\/blockquote>\n<p>Alcuni video<\/p>\n<p style=\"text-align: center;\">\n<p style=\"text-align: center;\">\n<p style=\"text-align: center;\">\n","protected":false},"excerpt":{"rendered":"<p>Rispetto alla sua inaugurazione, 1 ottobre 2010,\u00a0 arrivo in ritardo ma il Circolo Giovanile Giovanni Paolo II di Roma&#8230; &#8230; \u00e8 un luogo di incontro dedicato alle ragazze e ai ragazzi delle parrocchie e dei movimenti cattolici della Capitale, e aperto a tutti i giovani della nostra citt\u00e0. Nasce in un luogo speciale, la cripta&#8230;<\/p>\n","protected":false},"author":3,"featured_media":0,"comment_status":"closed","ping_status":"closed","sticky":false,"template":"","format":"standard","meta":{"_kad_post_transparent":"","_kad_post_title":"","_kad_post_layout":"","_kad_post_sidebar_id":"","_kad_post_content_style":"","_kad_post_vertical_padding":"","_kad_post_feature":"","_kad_post_feature_position":"","_kad_post_header":false,"_kad_post_footer":false,"_kad_post_classname":"","footnotes":""},"categories":[100,309],"tags":[39,113],"class_list":["post-231403","post","type-post","status-publish","format-standard","hentry","category-100","category-giovani","tag-giovanni-paolo-ii","tag-video"],"_links":{"self":[{"href":"https:\/\/archivio.cercoiltuovolto.it\/index.php?rest_route=\/wp\/v2\/posts\/231403","targetHints":{"allow":["GET"]}}],"collection":[{"href":"https:\/\/archivio.cercoiltuovolto.it\/index.php?rest_route=\/wp\/v2\/posts"}],"about":[{"href":"https:\/\/archivio.cercoiltuovolto.it\/index.php?rest_route=\/wp\/v2\/types\/post"}],"author":[{"embeddable":true,"href":"https:\/\/archivio.cercoiltuovolto.it\/index.php?rest_route=\/wp\/v2\/users\/3"}],"replies":[{"embeddable":true,"href":"https:\/\/archivio.cercoiltuovolto.it\/index.php?rest_route=%2Fwp%2Fv2%2Fcomments&post=231403"}],"version-history":[{"count":0,"href":"https:\/\/archivio.cercoiltuovolto.it\/index.php?rest_route=\/wp\/v2\/posts\/231403\/revisions"}],"wp:attachment":[{"href":"https:\/\/archivio.cercoiltuovolto.it\/index.php?rest_route=%2Fwp%2Fv2%2Fmedia&parent=231403"}],"wp:term":[{"taxonomy":"category","embeddable":true,"href":"https:\/\/archivio.cercoiltuovolto.it\/index.php?rest_route=%2Fwp%2Fv2%2Fcategories&post=231403"},{"taxonomy":"post_tag","embeddable":true,"href":"https:\/\/archivio.cercoiltuovolto.it\/index.php?rest_route=%2Fwp%2Fv2%2Ftags&post=231403"}],"curies":[{"name":"wp","href":"https:\/\/api.w.org\/{rel}","templated":true}]}}