{"id":231388,"date":"2010-11-22T06:00:05","date_gmt":"2010-11-22T06:00:05","guid":{"rendered":"https:\/\/archivio.cercoiltuovolto.it\/?p=231388"},"modified":"2010-11-22T06:00:05","modified_gmt":"2010-11-22T06:00:05","slug":"luce-del-mondo-di-benedetto-xvi-e-seewald-peter","status":"publish","type":"post","link":"https:\/\/archivio.cercoiltuovolto.it\/?p=231388","title":{"rendered":"&#8220;Luce del mondo&#8221; di Benedetto XVI e Seewald Peter"},"content":{"rendered":"<p style=\"text-align: justify;\">Seewald ha intervistato gi\u00e0 due volte Joseph Ratzinger quando era  cardinale. Da quei dialoghi lo stesso giornalista usc\u00ec trasformato,  ritrovando la propria fede. Ne nacquero anche due libri che furono best  seller internazionali &#8220;Il sale della terra&#8221; e &#8220;Dio e il mondo&#8221;.<\/p>\n<p class=\"link\" style=\"text-align: justify;\"><a href=\"http:\/\/www.oecumene.radiovaticana.org\/IT1\/Articolo.asp?c=440810\">Da Radio Vaticana qui di seguito alcuni passaggi.<\/a><\/p>\n<blockquote>\n<p style=\"text-align: justify;\">Verr\u00e0  presentato marted\u00ec prossimo, nella Sala Stampa vaticana, il  libro-intervista di Peter Seewald con Benedetto XVI, \u201cLuce del mondo. Il  Papa, la Chiesa e i segni dei tempi\u201d, edito dalla Libreria Editrice  Vaticana. Joseph Ratzinger \u00e8 tornato dunque a conversare con il  giornalista tedesco sulla Chiesa e le sfide del nostro tempo, dopo due  libri-intervista realizzati con lui quando era ancora cardinale. In  questo servizio di <strong>Alessandro Gisotti<\/strong>, proponiamo alcuni passaggi dell\u2019atteso volume, che siamo in grado di anticipare:<\/p>\n<p>[powerpress]<\/p>\n<p class=\"acquista-paragrafo\"><a href=\"http:\/\/www.libreriadelsanto.it\/libri\/9788820984588\/luce-del-mondo.html?p=sot\" target=\"_blank\">Acquista il libro<\/a> su Libreria del Santo <strong>-20%<\/strong><\/p>\n<p style=\"text-align: justify;\"><em><a href=\"http:\/\/www.cercoiltuovolto.it\/wp-content\/uploads\/2010\/11\/Luce-del-mondo.jpg\"><img loading=\"lazy\" decoding=\"async\" class=\"alignleft size-medium wp-image-15374\" title=\"Luce del mondo\" src=\"http:\/\/www.cercoiltuovolto.it\/wp-content\/uploads\/2010\/11\/Luce-del-mondo-206x300.jpg\" alt=\"\" width=\"206\" height=\"300\" \/><\/a>\u201cVeramente,  avevo sperato di trovare pace e tranquillit\u00e0\u201d: Joseph Ratzinger  risponde con disarmante semplicit\u00e0 alla domanda di Peter Seewald, che  gli chiede di ricordare i suoi sentimenti il giorno dell\u2019elezione alla  Cattedra di Pietro. Una riflessione, questa, con la quale inizia il  primo capitolo del volume, intitolato icasticamente \u201cI Papi non cadono  dal cielo\u201d. Benedetto XVI rammenta che era \u201csicurissimo\u201d che non avrebbe  ricevuto questa enorme responsabilit\u00e0. Tuttavia, osserva che fin dalla  sua ordinazione sacerdotale si \u00e8 sempre affidato alla volont\u00e0 del  Signore, anche quando era diversa dalla sua. \u201cNon posso scegliere quello  che voglio. Alla fine \u2013 annota il Papa \u2013 devo lasciarmi guidare\u201d. Il  Santo Padre, scrive il giornalista nella premessa del libro, non si \u00e8  sottratto ad alcuna domanda, n\u00e9 \u201cha modificato la parola pronunciata, ma  apportato solo piccole correzioni\u201d, a \u201cvantaggio dell\u2019esattezza\u201d. Il  risultato \u00e8 un dialogo franco e diretto in cui il Pontefice risponde a  quesiti a 360\u00b0, da argomenti leggeri come il suo stile di vita e i suoi  film preferiti a questioni fondamentali per la vita della Chiesa e  dell\u2019uomo del nostro tempo.<\/em><\/p>\n<p><em>Uno dei primi capitoli \u00e8  dedicato allo scandalo degli abusi sessuali nella Chiesa. \u201cI fatti \u2013  afferma \u2013 non mi hanno colto di sorpresa del tutto\u201d. Ma, ammette, \u201cle  dimensioni comunque furono uno shock enorme\u201d. E vedere \u201cil sacerdozio  improvvisamente insudiciato in questo modo e con ci\u00f2 la stessa Chiesa  cattolica \u2013 constata \u2013 \u00e8 stato difficile da sopportare\u201d. Era evidente  che \u201cl\u2019azione dei media non fosse guidata solamente dalla pura ricerca  della verit\u00e0\u201d, ma che vi fosse il tentativo di screditare la Chiesa. E  tuttavia, prosegue, \u201csin tanto che si tratta di portare alla luce la  verit\u00e0, dobbiamo essere riconoscenti\u201d. Del resto, \u201csolo perch\u00e9 il male  era dentro la Chiesa, gli altri hanno potuto rivolgerlo contro di lei\u201d.  Il Papa mette in guardia dalla minaccia di fronte alla quale ci troviamo  e cio\u00e8 che \u201cla tolleranza venga abolita in nome della tolleranza  stessa\u201d. Nessuno, avverte, \u201c\u00e8 costretto ad essere cristiano. Ma nessuno  deve essere costretto a vivere secondo\u201d questa \u2018nuova religione&#8217; \u201ccome  fosse l\u2019unica e vera, vincolante per tutta l\u2019umanit\u00e0\u201d. <\/em><\/p>\n<p><em>Un  passaggio importante del volume \u00e8 dedicato al rapporto con l\u2019ebraismo.  \u201cSin dal primo giorno dei miei studi teologici \u2013 rammenta \u2013 mi \u00e8 stata  in qualche modo chiara la profonda unit\u00e0 tra Antica e Nuova Alleanza\u201d.  Poi, prosegue, \u201cquanto accaduto nel Terzo Reich ci ha colpito come  tedeschi e tanto pi\u00f9 ci ha spinto a guardare al popolo d\u2019Israele con  umilt\u00e0, vergogna e amore\u201d. Torna dunque sul cambio dell\u2019antica liturgia  laddove gli ebrei si sentivano feriti. \u201cL\u2019ho modificata\u201d, spiega, \u201cin  modo tale che vi fosse contenuta la nostra fede, ovvero che Cristo \u00e8  salvezza per tutti\u201d, ma anche \u201cin modo tale che non si pregasse  direttamente per la conversione degli ebrei in senso missionario, ma  perch\u00e9 il Signore affretti l\u2019ora storica in cui noi tutti saremo uniti\u201d.  Per questo, osserva, \u201cgli argomenti utilizzati da una serie di teologi  polemicamente contro di me sono avventati e non rendono giustizia a  quanto fatto\u201d. Il Papa ribadisce inoltre che Pio XII ha fatto tutto il  possibile per salvare delle persone. Bisogna riconoscere, \u00e8 il suo  invito, che \u201ccome nessun altro ha salvato tanti e tanti ebrei\u201d.<\/em><\/p>\n<p><em>Il  Papa si sofferma anche sulla relazione con il mondo musulmano,  ribadendo che i cristiani sono tolleranti e dunque \u201c\u00e8 naturale che da  noi i musulmani possano riunirsi in preghiera nelle moschee\u201d. Per quanto  riguarda il burqa &#8211; aggiunge &#8211; \u201cnon vedo ragione di una proibizione  generalizzata\u201d. E\u2019 chiaro, spiega, che quando \u00e8 \u201cuna sorta di violenza  imposta\u201d alle donne \u201cnon si pu\u00f2 essere d\u2019accordo\u201d. Se per\u00f2 \u201cvolessero  indossarlo volontariamente, non vedo perch\u00e9 glielo si debba impedire\u201d.  Benedetto XVI non manca poi di rispondere a domande sulla sessualit\u00e0.  \u201cConcentrarsi solo sul profilattico \u2013 afferma \u2013 vuol dire banalizzare la  sessualit\u00e0, e questa banalizzazione rappresenta proprio la pericolosa  ragione\u201d per cui molte persone vedono la sessualit\u00e0 come una droga  piuttosto che come un\u2019espressione del loro amore. Tuttavia, soggiunge,  \u201cvi possono essere singoli casi giustificati, ad esempio quando una  prostituta utilizza un profilattico e questo pu\u00f2 essere il primo passo  verso una moralizzazione, un primo atto di responsabilit\u00e0 per sviluppare  la consapevolezza del fatto che non tutto \u00e8 permesso e non si pu\u00f2 fare  tutto ci\u00f2 che si vuole. Tuttavia questo non \u00e8 il modo vero e proprio per  vincere l&#8217;infezione dell&#8217;Hiv\u201d. <\/em><\/p>\n<p><em>Tra i tanti temi  affrontati nelle 284 pagine del libro, anche il ruolo della donna nella  Chiesa. Il Papa, riecheggiando Giovanni Paolo II, ribadisce che la  Chiesa \u201cnon ha in alcun modo la facolt\u00e0 di conferire alle donne  l\u2019ordinazione sacerdotale\u201d. Tra l\u2019altro, prosegue, \u201cle funzioni affidate  alle donne nella Chiesa sono talmente grandi e significative che non  pu\u00f2 parlarsi di discriminazione\u201d. E citando alcune figure femminili, da  Maria a Santa Monica a Madre Teresa, afferma che \u201cper molti versi le  donne definiscono il volto della Chiesa pi\u00f9 degli uomini\u201d.<\/em><\/p>\n<p><em>In  uno degli ultimi capitoli, il giornalista tedesco pone una domanda di  valenza universale al Papa: \u201cCosa vuole Ges\u00f9 da noi?\u201d. Vuole &#8211; risponde  il Santo Padre &#8211; \u201cche crediamo in Lui. Che ci lasciamo condurre da Lui.  Che viviamo con Lui. Divenendo cos\u00ec sempre pi\u00f9 simili a Lui e con ci\u00f2  giusti\u201d. E questo vale tanto pi\u00f9 per la Chiesa. \u201cProprio in questo tempo  segnato dagli scandali \u2013 ammette il Pontefice \u2013 abbiamo fatto  esperienza di questa sensazione di tristezza e dolore, di quanto misera  sia la Chiesa e di quanto falliscano i suoi membri nella sequela di Ges\u00f9  Cristo\u201d. Ma, sottolinea, dobbiamo essere rassicurati che il Signore,  \u201cnonostante la debolezza degli uomini\u201d, \u201cnon abbandona la Chiesa\u201d, ma  agisce sempre attraverso di essa.<\/em><\/p>\n<\/blockquote>\n<h2>Aggiornamento del 6 dicembre 2010<\/h2><\/p>\n","protected":false},"excerpt":{"rendered":"<p>Seewald ha intervistato gi\u00e0 due volte Joseph Ratzinger quando era cardinale. Da quei dialoghi lo stesso giornalista usc\u00ec trasformato, ritrovando la propria fede. Ne nacquero anche due libri che furono best seller internazionali &#8220;Il sale della terra&#8221; e &#8220;Dio e il mondo&#8221;. Da Radio Vaticana qui di seguito alcuni passaggi. Verr\u00e0 presentato marted\u00ec prossimo, nella&#8230;<\/p>\n","protected":false},"author":3,"featured_media":0,"comment_status":"closed","ping_status":"closed","sticky":false,"template":"","format":"standard","meta":{"_kad_post_transparent":"","_kad_post_title":"","_kad_post_layout":"","_kad_post_sidebar_id":"","_kad_post_content_style":"","_kad_post_vertical_padding":"","_kad_post_feature":"","_kad_post_feature_position":"","_kad_post_header":false,"_kad_post_footer":false,"_kad_post_classname":"","footnotes":""},"categories":[100,127],"tags":[54,17],"class_list":["post-231388","post","type-post","status-publish","format-standard","hentry","category-100","category-benedetto-xvi","tag-interviste","tag-libri"],"_links":{"self":[{"href":"https:\/\/archivio.cercoiltuovolto.it\/index.php?rest_route=\/wp\/v2\/posts\/231388","targetHints":{"allow":["GET"]}}],"collection":[{"href":"https:\/\/archivio.cercoiltuovolto.it\/index.php?rest_route=\/wp\/v2\/posts"}],"about":[{"href":"https:\/\/archivio.cercoiltuovolto.it\/index.php?rest_route=\/wp\/v2\/types\/post"}],"author":[{"embeddable":true,"href":"https:\/\/archivio.cercoiltuovolto.it\/index.php?rest_route=\/wp\/v2\/users\/3"}],"replies":[{"embeddable":true,"href":"https:\/\/archivio.cercoiltuovolto.it\/index.php?rest_route=%2Fwp%2Fv2%2Fcomments&post=231388"}],"version-history":[{"count":0,"href":"https:\/\/archivio.cercoiltuovolto.it\/index.php?rest_route=\/wp\/v2\/posts\/231388\/revisions"}],"wp:attachment":[{"href":"https:\/\/archivio.cercoiltuovolto.it\/index.php?rest_route=%2Fwp%2Fv2%2Fmedia&parent=231388"}],"wp:term":[{"taxonomy":"category","embeddable":true,"href":"https:\/\/archivio.cercoiltuovolto.it\/index.php?rest_route=%2Fwp%2Fv2%2Fcategories&post=231388"},{"taxonomy":"post_tag","embeddable":true,"href":"https:\/\/archivio.cercoiltuovolto.it\/index.php?rest_route=%2Fwp%2Fv2%2Ftags&post=231388"}],"curies":[{"name":"wp","href":"https:\/\/api.w.org\/{rel}","templated":true}]}}