{"id":231380,"date":"2010-11-20T14:29:24","date_gmt":"2010-11-20T14:29:24","guid":{"rendered":"https:\/\/archivio.cercoiltuovolto.it\/?p=231380"},"modified":"2010-11-20T14:29:24","modified_gmt":"2010-11-20T14:29:24","slug":"commento-al-vangelo-di-domenica-21-novembre-2010-padre-bruno-secondin","status":"publish","type":"post","link":"https:\/\/archivio.cercoiltuovolto.it\/?p=231380","title":{"rendered":"Commento al Vangelo di domenica 21 novembre 2010 &#8211; padre Bruno Secondin"},"content":{"rendered":"<p style=\"text-align: center;\"><img loading=\"lazy\" decoding=\"async\" class=\"aligncenter size-full wp-image-14846\" title=\"padre carmelitano Bruno Secondin\" src=\"http:\/\/www.cercoiltuovolto.it\/\/wp-content\/uploads\/2010\/11\/secondin.png\" alt=\"\" width=\"412\" height=\"132\" \/><\/p>\n<p style=\"text-align: justify;\">In questa 34.ma ed ultima Domenica del Tempo ordinario, con cui si chiude l\u2019anno liturgico, la Chiesa celebra la Solennit\u00e0 di Nostro Signore Ges\u00f9 Cristo Re dell\u2019Universo. Il Vangelo ci propone la scena del Calvario. Ges\u00f9 \u00e8 in croce, deriso dai capi del popolo e dai soldati. Sopra di lui c\u2019\u00e8 una scritta: \u00abCostui \u00e8 il re dei Giudei\u00bb. Al suo fianco, due malfattori, crocifissi come lui. Uno dei due lo insulta, mentre l\u2019altro, riconoscendo le proprie colpe, dice a Ges\u00f9: \u201cRicordati di me quando entrerai nel tuo regno\u201d. E il Signore gli risponde:<\/p>\n<blockquote>\n<p style=\"text-align: justify;\">\u00abIn verit\u00e0 io ti dico: oggi con me sarai nel paradiso\u00bb..<\/p>\n<\/blockquote>\n<p>Su questo brano del Vangelo,  ascoltiamo il commento del carmelitano, padre Bruno Secondin,  docente di Teologia spirituale alla Pontificia Universit\u00e0 Gregoriana:<\/p>\n<blockquote>\n<p style=\"text-align: justify;\">L\u2019anno liturgico si chiude con questo paradosso: la festa di Cristo Re viene celebrata con la scena dell\u2019uomo crocifisso e umiliato fuori Gerusalemme, che promette perfino il paradiso ad un compagno di agonia. Sembra una contraddizione, eppure \u00e8 proprio da quella Croce che Ges\u00f9 manifesta la sua gloria e la sua dignit\u00e0 regale. Una regalit\u00e0 che non \u00e8 dominio e imperio, ma vita donata con assoluta libert\u00e0; braccia aperte sul mondo per un abbraccio di solidariet\u00e0 unica, divina. Un volto striato dal sangue, sfigurato dalla sofferenza, ci fa da sovrano: improbabile per i sovrani della terra, ma autentico e tipico per Colui che davvero domina il mondo e lo riconduce al paradiso perduto. A cominciare da quel compagno di sofferenze: \u201cOggi sarai con me in paradiso\u201d. \u00c8 lui a ricevere l\u2019ultima guarigione di tutto il Vangelo. Paolo ci da la spiegazione teologica: \u201c\u00c8 piaciuto infatti a Dio che abiti in Lui \u2013 Cristo &#8211; tutta la pienezza e che per mezzo di Lui e in vista di Lui siano riconciliate tutte le cose\u201d. Nel suo sangue la riconciliazione, nella sua umiliazione la nostra gloria. Non rinneghiamo questa sovranit\u00e0 unica e divina, sostituendola con figurazioni cariche di gloria umana e di potere spettacolare. Non svuotiamo il paradosso di un Re Crocifisso!<\/p>\n<\/blockquote>\n<p class=\"link\" style=\"text-align: justify;\">Fonte: RadioVaticana<\/p>\n<div class=\"powerpressbox\">[powerpress]<\/div>\n","protected":false},"excerpt":{"rendered":"<p>In questa 34.ma ed ultima Domenica del Tempo ordinario, con cui si chiude l\u2019anno liturgico, la Chiesa celebra la Solennit\u00e0 di Nostro Signore Ges\u00f9 Cristo Re dell\u2019Universo. Il Vangelo ci propone la scena del Calvario. Ges\u00f9 \u00e8 in croce, deriso dai capi del popolo e dai soldati. Sopra di lui c\u2019\u00e8 una scritta: \u00abCostui \u00e8&#8230;<\/p>\n","protected":false},"author":3,"featured_media":0,"comment_status":"closed","ping_status":"closed","sticky":false,"template":"","format":"standard","meta":{"_kad_post_transparent":"","_kad_post_title":"","_kad_post_layout":"","_kad_post_sidebar_id":"","_kad_post_content_style":"","_kad_post_vertical_padding":"","_kad_post_feature":"","_kad_post_feature_position":"","_kad_post_header":false,"_kad_post_footer":false,"_kad_post_classname":"","footnotes":""},"categories":[100,147],"tags":[412,27,172],"class_list":["post-231380","post","type-post","status-publish","format-standard","hentry","category-100","category-commento-al-vangelo","tag-cristo-re","tag-radio-vaticana","tag-vangelo-della-domenica"],"_links":{"self":[{"href":"https:\/\/archivio.cercoiltuovolto.it\/index.php?rest_route=\/wp\/v2\/posts\/231380","targetHints":{"allow":["GET"]}}],"collection":[{"href":"https:\/\/archivio.cercoiltuovolto.it\/index.php?rest_route=\/wp\/v2\/posts"}],"about":[{"href":"https:\/\/archivio.cercoiltuovolto.it\/index.php?rest_route=\/wp\/v2\/types\/post"}],"author":[{"embeddable":true,"href":"https:\/\/archivio.cercoiltuovolto.it\/index.php?rest_route=\/wp\/v2\/users\/3"}],"replies":[{"embeddable":true,"href":"https:\/\/archivio.cercoiltuovolto.it\/index.php?rest_route=%2Fwp%2Fv2%2Fcomments&post=231380"}],"version-history":[{"count":0,"href":"https:\/\/archivio.cercoiltuovolto.it\/index.php?rest_route=\/wp\/v2\/posts\/231380\/revisions"}],"wp:attachment":[{"href":"https:\/\/archivio.cercoiltuovolto.it\/index.php?rest_route=%2Fwp%2Fv2%2Fmedia&parent=231380"}],"wp:term":[{"taxonomy":"category","embeddable":true,"href":"https:\/\/archivio.cercoiltuovolto.it\/index.php?rest_route=%2Fwp%2Fv2%2Fcategories&post=231380"},{"taxonomy":"post_tag","embeddable":true,"href":"https:\/\/archivio.cercoiltuovolto.it\/index.php?rest_route=%2Fwp%2Fv2%2Ftags&post=231380"}],"curies":[{"name":"wp","href":"https:\/\/api.w.org\/{rel}","templated":true}]}}