{"id":231378,"date":"2010-11-19T17:12:09","date_gmt":"2010-11-19T17:12:09","guid":{"rendered":"https:\/\/archivio.cercoiltuovolto.it\/?p=231378"},"modified":"2010-11-19T17:12:09","modified_gmt":"2010-11-19T17:12:09","slug":"commento-al-vangelo-del-21-novembre-2010-don-giorgio-zevini","status":"publish","type":"post","link":"https:\/\/archivio.cercoiltuovolto.it\/?p=231378","title":{"rendered":"Commento al Vangelo del 21 novembre 2010 &#8211; don Giorgio Zevini"},"content":{"rendered":"<p style=\"text-align: center;\"><a href=\"http:\/\/www.cercoiltuovolto.it\/\/wp-content\/uploads\/2010\/11\/zevini.png\"><img loading=\"lazy\" decoding=\"async\" class=\"aligncenter\" style=\"border: 0pt none;\" title=\"don Giorgio Zevini\" src=\"http:\/\/www.cercoiltuovolto.it\/\/wp-content\/uploads\/2010\/11\/zevini.png\" alt=\"\" width=\"475\" height=\"150\" \/><\/a><\/p>\n<ul>\n<li>Prima Lettura 2Sam 5,1-3<\/li>\n<li>Seconda Lettura Col 1,12-20<\/li>\n<li>Vangelo Lc 23,35-43<\/li>\n<\/ul>\n<p style=\"text-align: justify;\">Ges\u00f9 \u00e8 Re! Ma dove manifesta questa sua regalit\u00e0?<\/p>\n<p style=\"text-align: justify;\">Ges\u00f9 \u00e8 Re sulla Croce, possiamo dire che Ges\u00f9 \u00e8 Re in tutto il contesto della passione, un re\u00a0 rifiutato, non accolto, ma un Re che manifesta la sua regalit\u00e0.<\/p>\n<p style=\"text-align: justify;\">Ges\u00f9 vince il rifiuto con la forza dell\u2019Amore, vince il rifiuto con la forza del perdono.<\/p>\n<p style=\"text-align: center;\">\n<p class=\"link\">Fonte: <a href=\"http:\/\/www.cantonuovo.eu\/?p=17401\">Canto Nuovo<\/a><\/p>\n","protected":false},"excerpt":{"rendered":"<p>Prima Lettura 2Sam 5,1-3 Seconda Lettura Col 1,12-20 Vangelo Lc 23,35-43 Ges\u00f9 \u00e8 Re! Ma dove manifesta questa sua regalit\u00e0? Ges\u00f9 \u00e8 Re sulla Croce, possiamo dire che Ges\u00f9 \u00e8 Re in tutto il contesto della passione, un re\u00a0 rifiutato, non accolto, ma un Re che manifesta la sua regalit\u00e0. Ges\u00f9 vince il rifiuto con&#8230;<\/p>\n","protected":false},"author":3,"featured_media":0,"comment_status":"closed","ping_status":"closed","sticky":false,"template":"","format":"standard","meta":{"_kad_post_transparent":"","_kad_post_title":"","_kad_post_layout":"","_kad_post_sidebar_id":"","_kad_post_content_style":"","_kad_post_vertical_padding":"","_kad_post_feature":"","_kad_post_feature_position":"","_kad_post_header":false,"_kad_post_footer":false,"_kad_post_classname":"","footnotes":""},"categories":[100,147],"tags":[412,172],"class_list":["post-231378","post","type-post","status-publish","format-standard","hentry","category-100","category-commento-al-vangelo","tag-cristo-re","tag-vangelo-della-domenica"],"_links":{"self":[{"href":"https:\/\/archivio.cercoiltuovolto.it\/index.php?rest_route=\/wp\/v2\/posts\/231378","targetHints":{"allow":["GET"]}}],"collection":[{"href":"https:\/\/archivio.cercoiltuovolto.it\/index.php?rest_route=\/wp\/v2\/posts"}],"about":[{"href":"https:\/\/archivio.cercoiltuovolto.it\/index.php?rest_route=\/wp\/v2\/types\/post"}],"author":[{"embeddable":true,"href":"https:\/\/archivio.cercoiltuovolto.it\/index.php?rest_route=\/wp\/v2\/users\/3"}],"replies":[{"embeddable":true,"href":"https:\/\/archivio.cercoiltuovolto.it\/index.php?rest_route=%2Fwp%2Fv2%2Fcomments&post=231378"}],"version-history":[{"count":0,"href":"https:\/\/archivio.cercoiltuovolto.it\/index.php?rest_route=\/wp\/v2\/posts\/231378\/revisions"}],"wp:attachment":[{"href":"https:\/\/archivio.cercoiltuovolto.it\/index.php?rest_route=%2Fwp%2Fv2%2Fmedia&parent=231378"}],"wp:term":[{"taxonomy":"category","embeddable":true,"href":"https:\/\/archivio.cercoiltuovolto.it\/index.php?rest_route=%2Fwp%2Fv2%2Fcategories&post=231378"},{"taxonomy":"post_tag","embeddable":true,"href":"https:\/\/archivio.cercoiltuovolto.it\/index.php?rest_route=%2Fwp%2Fv2%2Ftags&post=231378"}],"curies":[{"name":"wp","href":"https:\/\/api.w.org\/{rel}","templated":true}]}}