{"id":231365,"date":"2010-11-20T06:00:52","date_gmt":"2010-11-20T06:00:52","guid":{"rendered":"https:\/\/archivio.cercoiltuovolto.it\/?p=231365"},"modified":"2010-11-20T06:00:52","modified_gmt":"2010-11-20T06:00:52","slug":"la-comunita-di-san-martino-al-campo-trieste","status":"publish","type":"post","link":"https:\/\/archivio.cercoiltuovolto.it\/?p=231365","title":{"rendered":"La comunit\u00e0 di San Martino al Campo &#8211; Trieste"},"content":{"rendered":"<p style=\"text-align: center;\"><a href=\"http:\/\/www.cercoiltuovolto.it\/wp-content\/uploads\/2010\/11\/comunita-di-san-martino-al-campo.jpg\"><img loading=\"lazy\" decoding=\"async\" class=\"aligncenter size-medium wp-image-15271\" title=\"comunita di san martino al campo\" src=\"http:\/\/www.cercoiltuovolto.it\/wp-content\/uploads\/2010\/11\/comunita-di-san-martino-al-campo-470x157.jpg\" alt=\"\" width=\"517\" height=\"172\" \/><\/a><\/p>\n<p>Intervista e presentazione della <strong>comunit\u00e0 di accoglienza<\/strong> fatta dalla trasmissione &#8220;Uomini e Profeti&#8221; di Radio Rai 3 sabato 13 novembre 2010.<\/p>\n<blockquote>\n<p style=\"text-align: justify;\">Oggi andiamo nelle strade di quella splendida citt\u00e0 di confine che \u00e8 Trieste, per conoscere <a href=\"http:\/\/www.smartinocampo.it\/\">la Comunit\u00e0 di San Martino<\/a>: una comunit\u00e0 che nasce in strada ma pian piano costruisce una casa, pi\u00f9 case, e accoglienza, aiuto, lavoro, cultura, ascolto \u2013 per chi ne ha bisogno. A raccontarci questa splendida avventura, che compie in questi giorni 40 anni, e in cui fede, giustizia, solidariet\u00e0 umana sono tutte motivazioni che la animano allo stesso modo, sono con noi: don Mario Vatta, fondatore e Presidente Onorario della Comunit\u00e0; Liviana Zanchettin, responsabile del Centro studi, e Rudi Exner uno degli ospiti della casa. Interviene anche don Luigi Ciotti, fondatore del <a href=\"http:\/\/www.gruppoabele.org\/flex\/cm\/pages\/ServeBLOB.php\/L\/IT\/IDPagina\/1\">\u201cgruppo Abele\u201d<\/a> e di <a href=\"http:\/\/www.libera.it\/flex\/cm\/pages\/ServeBLOB.php\/L\/IT\/IDPagina\/1\">\u201cLibera\u201d,<\/a> la rete di coordinamento per le attivit\u00e0 contro la mafia, amico della Comunit\u00e0 di San Martino.<\/p>\n<\/blockquote>\n<div class=\"powerpressbox\">[powerpress]<br \/>\n<a href=\"http:\/\/cid-7e678cf4a2bd73de.office.live.com\/self.aspx\/.Public\/Radio%20Rai\/Uomini%20e%20Profeti%20del%2013.11.2010-A0069380.mp3\">Link in caso di mancato funzionamento del podcast<\/a><\/div>\n<p class=\"link\">Fonte: <a href=\"http:\/\/www.radio3.rai.it\/dl\/radio3\/programmi\/puntata\/ContentItem-5bac2c02-ddbf-4728-af46-03f83ee82ceb.html?refresh_ce\">Radio Rai<\/a><\/p>\n","protected":false},"excerpt":{"rendered":"<p>Intervista e presentazione della comunit\u00e0 di accoglienza fatta dalla trasmissione &#8220;Uomini e Profeti&#8221; di Radio Rai 3 sabato 13 novembre 2010. Oggi andiamo nelle strade di quella splendida citt\u00e0 di confine che \u00e8 Trieste, per conoscere la Comunit\u00e0 di San Martino: una comunit\u00e0 che nasce in strada ma pian piano costruisce una casa, pi\u00f9 case,&#8230;<\/p>\n","protected":false},"author":3,"featured_media":0,"comment_status":"closed","ping_status":"closed","sticky":false,"template":"","format":"standard","meta":{"_kad_post_transparent":"","_kad_post_title":"","_kad_post_layout":"","_kad_post_sidebar_id":"","_kad_post_content_style":"","_kad_post_vertical_padding":"","_kad_post_feature":"","_kad_post_feature_position":"","_kad_post_header":false,"_kad_post_footer":false,"_kad_post_classname":"","footnotes":""},"categories":[100,384],"tags":[115,423,31],"class_list":["post-231365","post","type-post","status-publish","format-standard","hentry","category-100","category-accoglienza","tag-audio","tag-comunita","tag-radio-nel-web"],"_links":{"self":[{"href":"https:\/\/archivio.cercoiltuovolto.it\/index.php?rest_route=\/wp\/v2\/posts\/231365","targetHints":{"allow":["GET"]}}],"collection":[{"href":"https:\/\/archivio.cercoiltuovolto.it\/index.php?rest_route=\/wp\/v2\/posts"}],"about":[{"href":"https:\/\/archivio.cercoiltuovolto.it\/index.php?rest_route=\/wp\/v2\/types\/post"}],"author":[{"embeddable":true,"href":"https:\/\/archivio.cercoiltuovolto.it\/index.php?rest_route=\/wp\/v2\/users\/3"}],"replies":[{"embeddable":true,"href":"https:\/\/archivio.cercoiltuovolto.it\/index.php?rest_route=%2Fwp%2Fv2%2Fcomments&post=231365"}],"version-history":[{"count":0,"href":"https:\/\/archivio.cercoiltuovolto.it\/index.php?rest_route=\/wp\/v2\/posts\/231365\/revisions"}],"wp:attachment":[{"href":"https:\/\/archivio.cercoiltuovolto.it\/index.php?rest_route=%2Fwp%2Fv2%2Fmedia&parent=231365"}],"wp:term":[{"taxonomy":"category","embeddable":true,"href":"https:\/\/archivio.cercoiltuovolto.it\/index.php?rest_route=%2Fwp%2Fv2%2Fcategories&post=231365"},{"taxonomy":"post_tag","embeddable":true,"href":"https:\/\/archivio.cercoiltuovolto.it\/index.php?rest_route=%2Fwp%2Fv2%2Ftags&post=231365"}],"curies":[{"name":"wp","href":"https:\/\/api.w.org\/{rel}","templated":true}]}}