{"id":231360,"date":"2010-11-18T11:43:44","date_gmt":"2010-11-18T11:43:44","guid":{"rendered":"https:\/\/archivio.cercoiltuovolto.it\/?p=231360"},"modified":"2010-11-18T11:43:44","modified_gmt":"2010-11-18T11:43:44","slug":"uomini-e-profeti-leggere-la-bibbia-levitico-cap-16-22-il-giorno-del-grande-perdono","status":"publish","type":"post","link":"https:\/\/archivio.cercoiltuovolto.it\/?p=231360","title":{"rendered":"Uomini e Profeti: Leggere la Bibbia \u2013 &#8220;Levitico, cap. 16-22. Il giorno del grande perdono&#8221;"},"content":{"rendered":"<p style=\"text-align: center;\"><a href=\"http:\/\/www.cercoiltuovolto.it\/wp-content\/uploads\/2010\/11\/Yom_Kippur.jpg\"><img loading=\"lazy\" decoding=\"async\" class=\"aligncenter size-medium wp-image-15267\" title=\"Yom_Kippur\" src=\"http:\/\/www.cercoiltuovolto.it\/wp-content\/uploads\/2010\/11\/Yom_Kippur-470x293.jpg\" alt=\"\" width=\"470\" height=\"293\" \/><\/a><\/p>\n<p><strong>con Daniele Garrone &#8211; domenica 14 novembre 2010<\/strong><\/p>\n<p style=\"text-align: justify;\"><strong>In questi capitoli del libro del Levitico<\/strong> (\u201cE chiam\u00f2\u2026\u201d) incontriamo l\u2019istituzione di una delle feste pi\u00f9 importanti e solenni della religione ebraica, quella di <a href=\"http:\/\/it.wikipedia.org\/wiki\/Yom_Kippur\"><strong>Yom Kippur<\/strong><\/a>, il \u201c<em>giorno dell\u2019espiazione<\/em>\u201d, in cui ognuno singolarmente e come comunit\u00e0 fa un esame di coscienza relativo alle proprie colpe e invoca il perdono del signore. Ma nell\u2019antichit\u00e0 questo avveniva con una singolare cerimonia, in cui un capro veniva sacrificato, e su un altro mandato nel deserto, carico dei delle colpe della comunit\u00e0. I cristiani videro in questo racconto una prefigurazione del sacrificio di Cristo, anche se per la verit\u00e0 molte sono le differenze. Da notare, invece, come una delle due polarit\u00e0 della \u201cregola d\u2019oro\u201d che gli evangeli hanno messo in bocca a Ges\u00f9 sia tratta proprio dal libro del Levitico: \u201c<em>amerai il tuo prossimo come te stesso<\/em>\u201d.<\/p>\n<p style=\"text-align: justify;\">A parlarne con noi, Daniele Garrone, docente di Antico testamento alla Facolt\u00e0 Valdese di teologia di Roma.<\/p>\n<div class=\"powerpressbox\" style=\"text-align: left;\">[powerpress]<\/div>\n<p class=\"link\" style=\"text-align: justify;\">Fonte: <a href=\"http:\/\/www.radio3.rai.it\/dl\/radio3\/programmi\/puntata\/ContentItem-29ace432-256b-48fc-b069-9e6a97f24340.html\" target=\"_blank\">Radio Rai 3<\/a> &#8211; <a href=\"http:\/\/www.rai.it\/dl\/audio\/1289825257048leggere_la_bibbia2010_11_14.ram\">file real media<\/a><\/p>\n<p class=\"ascolta\" style=\"text-align: justify;\"><a href=\"http:\/\/cid-7e678cf4a2bd73de.office.live.com\/browse.aspx\/.Public\/Radio%20Rai\/Lettura%20della%20Bibbia%202010%20-%20Uomini%20e%20Profeti%20-%20Radio%20Rai%203\" target=\"_blank\">Mirror per il file mp3<\/a> (<span style=\"font-size: x-small;\"><em><span style=\"color: #ff0000;\">in caso di mancato funzionamento del podcast RAI<\/span><\/em><\/span>)<\/p>\n<p style=\"text-align: justify;\"><br class=\"spacer_\" \/><\/p>\n","protected":false},"excerpt":{"rendered":"<p>con Daniele Garrone &#8211; domenica 14 novembre 2010 In questi capitoli del libro del Levitico (\u201cE chiam\u00f2\u2026\u201d) incontriamo l\u2019istituzione di una delle feste pi\u00f9 importanti e solenni della religione ebraica, quella di Yom Kippur, il \u201cgiorno dell\u2019espiazione\u201d, in cui ognuno singolarmente e come comunit\u00e0 fa un esame di coscienza relativo alle proprie colpe e invoca&#8230;<\/p>\n","protected":false},"author":3,"featured_media":0,"comment_status":"closed","ping_status":"closed","sticky":false,"template":"","format":"standard","meta":{"_kad_post_transparent":"","_kad_post_title":"","_kad_post_layout":"","_kad_post_sidebar_id":"","_kad_post_content_style":"","_kad_post_vertical_padding":"","_kad_post_feature":"","_kad_post_feature_position":"","_kad_post_header":false,"_kad_post_footer":false,"_kad_post_classname":"","footnotes":""},"categories":[100,4],"tags":[23,380,403],"class_list":["post-231360","post","type-post","status-publish","format-standard","hentry","category-100","category-audio-cattolici","tag-bibbia","tag-in-evidenza","tag-levitico"],"_links":{"self":[{"href":"https:\/\/archivio.cercoiltuovolto.it\/index.php?rest_route=\/wp\/v2\/posts\/231360","targetHints":{"allow":["GET"]}}],"collection":[{"href":"https:\/\/archivio.cercoiltuovolto.it\/index.php?rest_route=\/wp\/v2\/posts"}],"about":[{"href":"https:\/\/archivio.cercoiltuovolto.it\/index.php?rest_route=\/wp\/v2\/types\/post"}],"author":[{"embeddable":true,"href":"https:\/\/archivio.cercoiltuovolto.it\/index.php?rest_route=\/wp\/v2\/users\/3"}],"replies":[{"embeddable":true,"href":"https:\/\/archivio.cercoiltuovolto.it\/index.php?rest_route=%2Fwp%2Fv2%2Fcomments&post=231360"}],"version-history":[{"count":0,"href":"https:\/\/archivio.cercoiltuovolto.it\/index.php?rest_route=\/wp\/v2\/posts\/231360\/revisions"}],"wp:attachment":[{"href":"https:\/\/archivio.cercoiltuovolto.it\/index.php?rest_route=%2Fwp%2Fv2%2Fmedia&parent=231360"}],"wp:term":[{"taxonomy":"category","embeddable":true,"href":"https:\/\/archivio.cercoiltuovolto.it\/index.php?rest_route=%2Fwp%2Fv2%2Fcategories&post=231360"},{"taxonomy":"post_tag","embeddable":true,"href":"https:\/\/archivio.cercoiltuovolto.it\/index.php?rest_route=%2Fwp%2Fv2%2Ftags&post=231360"}],"curies":[{"name":"wp","href":"https:\/\/api.w.org\/{rel}","templated":true}]}}