{"id":231357,"date":"2010-11-17T21:43:43","date_gmt":"2010-11-17T21:43:43","guid":{"rendered":"https:\/\/archivio.cercoiltuovolto.it\/?p=231357"},"modified":"2010-11-17T21:43:43","modified_gmt":"2010-11-17T21:43:43","slug":"udienza-generale-del-santo-padre-in-mp3-17-novembre-2010","status":"publish","type":"post","link":"https:\/\/archivio.cercoiltuovolto.it\/?p=231357","title":{"rendered":"&#8220;Udienza Generale&#8221; del Santo Padre in mp3 &#8211; 17 novembre 2010"},"content":{"rendered":"<p style=\"text-align: center;\"><a href=\"http:\/\/www.cercoiltuovolto.it\/wp-content\/uploads\/2010\/11\/udienza.jpg\"><img loading=\"lazy\" decoding=\"async\" class=\"aligncenter size-full wp-image-15013\" style=\"border: 0pt none;\" title=\"UDIENZA GENERALE \" src=\"http:\/\/www.cercoiltuovolto.it\/\/wp-content\/uploads\/2010\/11\/udienza.jpg\" alt=\"\" width=\"476\" height=\"132\" \/><\/a><\/p>\n<blockquote>\n<p><em><strong>Santa Giuliana di Cornillon<\/strong><\/em><\/p>\n<p><em>Cari fratelli e care sorelle,<\/em><\/p>\n<p style=\"text-align: justify;\">anche questa mattina vorrei presentarvi una figura femminile, poco nota, a cui  la Chiesa per\u00f2 deve una grande riconoscenza, non solo per la sua santit\u00e0 di  vita, ma anche perch\u00e9, con il suo grande fervore, ha contribuito all\u2019istituzione  di una delle solennit\u00e0 liturgiche pi\u00f9 importanti dell\u2019anno, quella del <em>Corpus  Domini<\/em>. Si tratta di santa Giuliana di Cornillon, nota anche come santa  Giuliana di Liegi. Possediamo alcuni dati sulla sua vita soprattutto attraverso  una biografia, scritta probabilmente da un ecclesiastico suo contemporaneo, in  cui vengono raccolte varie testimonianze di persone che conobbero direttamente  la Santa.<\/p>\n<ul>\n<li><a href=\"http:\/\/www.vatican.va\/holy_father\/benedict_xvi\/audiences\/2010\/documents\/hf_ben-xvi_aud_20101117_it.html\">Leggi tutto il messaggio<\/a> <em>\u00a9 Copyright 2010 &#8211; Libreria  Editrice Vaticana<\/em><\/li>\n<li><a href=\"http:\/\/vod.vatican.va\/udienza17112010.mov\" target=\"_blank\">Link al video ufficiale<\/a> (richiede Apple Quick Time)<\/li>\n<\/ul>\n<\/blockquote>\n<div class=\"powerpressbox\">[powerpress]<\/div>\n<p class=\"link\" style=\"text-align: justify;\"><strong>Fonte<\/strong>: Radio Vaticana via FeedRss<br \/>\n <span style=\"font-size: xx-small;\"><em>(The content of this podcast is copyrighted by Vatican Radio which, according to  its statute, is entrusted to manage and protect the sound recordings of the  Roman Pontiff, ensuring that their pastoral character and intellectual  property&#8217;s rights are protected when used by third parties. The content of this  podcast is made available only for personal and private use and cannot be  exploited for commercial purposes, without prior written authorization by  Vatican Radio. For further information, please contact the International  Relation Office at relint@vatiradio.va)<\/em><\/span><\/p>\n","protected":false},"excerpt":{"rendered":"<p>Santa Giuliana di Cornillon Cari fratelli e care sorelle, anche questa mattina vorrei presentarvi una figura femminile, poco nota, a cui la Chiesa per\u00f2 deve una grande riconoscenza, non solo per la sua santit\u00e0 di vita, ma anche perch\u00e9, con il suo grande fervore, ha contribuito all\u2019istituzione di una delle solennit\u00e0 liturgiche pi\u00f9 importanti dell\u2019anno,&#8230;<\/p>\n","protected":false},"author":3,"featured_media":0,"comment_status":"closed","ping_status":"closed","sticky":false,"template":"","format":"standard","meta":{"_kad_post_transparent":"","_kad_post_title":"","_kad_post_layout":"","_kad_post_sidebar_id":"","_kad_post_content_style":"","_kad_post_vertical_padding":"","_kad_post_feature":"","_kad_post_feature_position":"","_kad_post_header":false,"_kad_post_footer":false,"_kad_post_classname":"","footnotes":""},"categories":[100,127],"tags":[65,9],"class_list":["post-231357","post","type-post","status-publish","format-standard","hentry","category-100","category-benedetto-xvi","tag-udienza-generale","tag-vaticano"],"_links":{"self":[{"href":"https:\/\/archivio.cercoiltuovolto.it\/index.php?rest_route=\/wp\/v2\/posts\/231357","targetHints":{"allow":["GET"]}}],"collection":[{"href":"https:\/\/archivio.cercoiltuovolto.it\/index.php?rest_route=\/wp\/v2\/posts"}],"about":[{"href":"https:\/\/archivio.cercoiltuovolto.it\/index.php?rest_route=\/wp\/v2\/types\/post"}],"author":[{"embeddable":true,"href":"https:\/\/archivio.cercoiltuovolto.it\/index.php?rest_route=\/wp\/v2\/users\/3"}],"replies":[{"embeddable":true,"href":"https:\/\/archivio.cercoiltuovolto.it\/index.php?rest_route=%2Fwp%2Fv2%2Fcomments&post=231357"}],"version-history":[{"count":0,"href":"https:\/\/archivio.cercoiltuovolto.it\/index.php?rest_route=\/wp\/v2\/posts\/231357\/revisions"}],"wp:attachment":[{"href":"https:\/\/archivio.cercoiltuovolto.it\/index.php?rest_route=%2Fwp%2Fv2%2Fmedia&parent=231357"}],"wp:term":[{"taxonomy":"category","embeddable":true,"href":"https:\/\/archivio.cercoiltuovolto.it\/index.php?rest_route=%2Fwp%2Fv2%2Fcategories&post=231357"},{"taxonomy":"post_tag","embeddable":true,"href":"https:\/\/archivio.cercoiltuovolto.it\/index.php?rest_route=%2Fwp%2Fv2%2Ftags&post=231357"}],"curies":[{"name":"wp","href":"https:\/\/api.w.org\/{rel}","templated":true}]}}